{"id":227353,"date":"2025-02-03T13:05:42","date_gmt":"2025-02-03T12:05:42","guid":{"rendered":"https:\/\/www.messinaoggi.it\/website\/2025\/02\/03\/il-37-degli-adolescenti-vuole-scoprire-che-lavoro-fara-da-grande\/"},"modified":"2025-02-03T13:05:42","modified_gmt":"2025-02-03T12:05:42","slug":"il-37-degli-adolescenti-vuole-scoprire-che-lavoro-fara-da-grande","status":"publish","type":"post","link":"https:\/\/www.messinaoggi.it\/website\/2025\/02\/03\/il-37-degli-adolescenti-vuole-scoprire-che-lavoro-fara-da-grande\/","title":{"rendered":"Il 37% degli adolescenti vuole scoprire che lavoro far\u00e0 da grande"},"content":{"rendered":"<div>MILANO (ITALPRESS) &#8211; Il 57% degli adolescenti \u00e8 preoccupato di non avere sufficienti soldi per vivere, il 23% invece \u00e8 spaventato dagli effetti del cambiamento climatico. Questi sono alcuni dei risultati ottenuti dal sondaggio che Radioimmaginaria, la radio degli adolescenti, ha realizzato in collaborazione con INPS, l&#8217;Istituto Nazionale della Previdenza Sociale, su un campione di pi\u00f9 di 300 studenti, dai 10 ai 19 anni, provenienti da tutta Italia. Nonostante queste preoccupazioni, il 37% \u00e8 curioso di scoprire che lavoro far\u00e0 da grande, anche se un 30% vive in uno stato d&#8217;ansia se pensa al lavoro che far\u00e0 in futuro. La maggior parte (56%) ritiene che ogni lavoratore o lavoratrice debba essere protetto o protetta dallo Stato. Una volta trovato il lavoro, il 52% dei ragazzi intervistati sostiene che un lavoratore si debba preoccupare di quanto tempo libero avr\u00e0 per la famiglia, se guadagner\u00e0 abbastanza (50%) e come andare avanti in caso di perdita del lavoro (45%).<br \/>Ma quali sono i dubbi degli studenti e come possono cominciare a costruire fin da subito il proprio futuro? Per parlare di questo Radioimmaginaria ha fatto due dirette dall&#8217;Istituto Tecnico Agrario Chimico Scarabelli Ghini di Imola (BO) e dal Liceo Statale Carlo Tenca di Milano con la trasmissione &#8220;Ti accompagno a scuola &#8211; La previdenza non \u00e8 roba da vecchi&#8221; che ha visto la partecipazione di Francesco Ricci, direttore regionale INPS Emilia-Romagna e Alberto Dotto, direttore INPS Milano. Quando si pensa alla previdenza, il 44% dei giovani intervistati la associano a quando saranno vecchi e non potranno pi\u00f9 lavorare mentre per il 26% \u00e8 qualcosa di complicato che ancora non riesce a capire. Infine, un dato sorprendente, l&#8217;88% del campione sa cosa significa l&#8217;acronimo INPS.<br \/>-foto ufficio stampa Radioimmaginaria &#8211; <br \/>(ITALPRESS).<\/div>\n<div id=\"div-gpt-ad-Messinaoggi.it-DSK-300x250-corpoart\" style=\"text-align:center;margin:0 auto;\"><\/div><\/p><div id=\"videoincontent\" style=\"clear:both\";><\/div>","protected":false},"excerpt":{"rendered":"<p>MILANO (ITALPRESS) &#8211; Il 57% degli adolescenti \u00e8 preoccupato di non avere sufficienti soldi per vivere, il 23% invece \u00e8 spaventato dagli effetti del cambiamento climatico. Questi sono alcuni dei risultati ottenuti dal sondaggio che Radioimmaginaria, la radio degli adolescenti, ha realizzato in collaborazione con INPS, l&#8217;Istituto Nazionale della Previdenza Sociale, su un campione di [&hellip;]<\/p>\n","protected":false},"author":18,"featured_media":227354,"comment_status":"closed","ping_status":"closed","sticky":false,"template":"","format":"standard","meta":{"ub_ctt_via":"","_mi_skip_tracking":false},"categories":[446],"tags":[783],"featured_image_src":"https:\/\/www.messinaoggi.it\/website\/wp-content\/uploads\/2025\/02\/20250203_0714.jpg","author_info":{"display_name":"Admin","author_link":"https:\/\/www.messinaoggi.it\/website\/author\/admin\/"},"digistream_id":0,"digistream":false,"_links":{"self":[{"href":"https:\/\/www.messinaoggi.it\/website\/wp-json\/wp\/v2\/posts\/227353"}],"collection":[{"href":"https:\/\/www.messinaoggi.it\/website\/wp-json\/wp\/v2\/posts"}],"about":[{"href":"https:\/\/www.messinaoggi.it\/website\/wp-json\/wp\/v2\/types\/post"}],"author":[{"embeddable":true,"href":"https:\/\/www.messinaoggi.it\/website\/wp-json\/wp\/v2\/users\/18"}],"replies":[{"embeddable":true,"href":"https:\/\/www.messinaoggi.it\/website\/wp-json\/wp\/v2\/comments?post=227353"}],"version-history":[{"count":0,"href":"https:\/\/www.messinaoggi.it\/website\/wp-json\/wp\/v2\/posts\/227353\/revisions"}],"wp:featuredmedia":[{"embeddable":true,"href":"https:\/\/www.messinaoggi.it\/website\/wp-json\/wp\/v2\/media\/227354"}],"wp:attachment":[{"href":"https:\/\/www.messinaoggi.it\/website\/wp-json\/wp\/v2\/media?parent=227353"}],"wp:term":[{"taxonomy":"category","embeddable":true,"href":"https:\/\/www.messinaoggi.it\/website\/wp-json\/wp\/v2\/categories?post=227353"},{"taxonomy":"post_tag","embeddable":true,"href":"https:\/\/www.messinaoggi.it\/website\/wp-json\/wp\/v2\/tags?post=227353"}],"curies":[{"name":"wp","href":"https:\/\/api.w.org\/{rel}","templated":true}]}}