{"id":22734,"date":"2018-08-01T08:19:17","date_gmt":"2018-08-01T06:19:17","guid":{"rendered":"http:\/\/www.messinaoggi.it\/website\/?p=22734"},"modified":"2018-08-01T08:19:17","modified_gmt":"2018-08-01T06:19:17","slug":"reddito-di-cittadinanza-germana-allattacco-del-m5s-scoperto-il-loro-bluff","status":"publish","type":"post","link":"https:\/\/www.messinaoggi.it\/website\/2018\/08\/01\/reddito-di-cittadinanza-germana-allattacco-del-m5s-scoperto-il-loro-bluff\/","title":{"rendered":"Reddito di Cittadinanza, German\u00e0 all&#039;attacco del M5S: &quot;Scoperto il loro bluff&quot;"},"content":{"rendered":"<p class=\"gmail-msonospacing\" style=\"margin: 0cm;margin-bottom: .0001pt;text-align: justify\"><span style=\"font-size: 14.0pt;font-family: 'Calibri','sans-serif'\">Siamo alle comiche finali. La maggioranza e il Governo hanno bocciato il nostro emendamento che provocatoriamente introduceva il reddito di cittadinanza, ovvero lo storico cavallo di battaglia del M5S. Con non poco imbarazzo del Governo e della maggioranza, hanno implicitamente ammesso che il loro reddito di cittadinanza appartiene al libro dei sogni\u201d.<\/span><div id=\"div-gpt-ad-Messinaoggi.it-DSK-300x250-corpoart\" style=\"text-align:center;margin:0 auto;\"><\/div><\/p>\n<p class=\"gmail-msonospacing\" style=\"margin: 0cm;margin-bottom: .0001pt;text-align: justify\"><span style=\"font-size: 14.0pt;font-family: 'Calibri','sans-serif'\">Lo dichiarano, in una nota congiunta, Nino German\u00e0 e Stefania Prestigiacomo, deputati di Forza Italia.<\/span><div id=\"videoincontent\" style=\"clear:both\";><\/div><\/p>\n<p class=\"gmail-msonospacing\" style=\"margin: 0cm;margin-bottom: .0001pt;text-align: justify\"><span style=\"font-size: 14.0pt;font-family: 'Calibri','sans-serif'\">\u201cIl Presidente Fico prima ha sostenuto l\u2019inammissibilit\u00e0 perch\u00e9 l\u2019emendamento non \u00e8 stato presentato in Commissione, regola che vale solo per i provvedimenti collegati alla manovra di bilancio; poi ha aggiunto che l\u2019incompatibilit\u00e0 deriva dall\u2019estraneit\u00e0 di materia, dimenticando che sono soprattutto le politiche attive del lavoro quelle che garantiscono la dignit\u00e0 dei lavoratori; infine, si \u00e8 accennata a una presunta mancanza di copertura, che non \u00e8 necessaria per i provvedimenti non collegati alla legge di Bilancio. Il fatto grave \u00e8 che la copertura, comunque presentata, \u00e8 identica a quella indicata da M5S. Se dicono ci\u00f2 ammettono che il provvedimento \u00e8 irrealizzabile. Infine si \u00e8 parlato di assenza di relazione tecnica, indicata come causa di inammissibilit\u00e0, come se fosse un disegno di legge e non un emendamento\u201d, spiegano.<\/span><\/p>\n<p> <\/p>\n<p class=\"gmail-msonospacing\" style=\"margin: 0cm;margin-bottom: .0001pt;text-align: justify\"><span style=\"font-size: 14.0pt;font-family: 'Calibri','sans-serif'\">\u201cInsomma, pur di non doversi confrontare con la Lega al momento del voto il Movimento degli onesti ha chiesto al presidente Fico di tutelare il suo partito coprendo le frottole raccontate agli elettori in campagna elettorale. Per riuscirci non ha garantito imparzialit\u00e0 di giudizio. C\u2019era da aspettarselo, per il M5S la campagna elettorale \u00e8 finita. Come disse Giolitti \u201cIl miglior sedativo per le smanie rivoluzionarie consiste in una poltrona ministeriale, che trasforma un insorto in un burocrate\u201d, concludono.<\/span><\/p>\n","protected":false},"excerpt":{"rendered":"<p>Siamo alle comiche finali. La maggioranza e il Governo hanno bocciato il nostro emendamento che provocatoriamente introduceva il reddito di cittadinanza, ovvero lo storico cavallo di battaglia del M5S. Con non poco imbarazzo del Governo e della maggioranza, hanno implicitamente ammesso che il loro reddito di cittadinanza appartiene al libro dei sogni\u201d. Lo dichiarano, in [&hellip;]<\/p>\n","protected":false},"author":15,"featured_media":10266,"comment_status":"closed","ping_status":"open","sticky":false,"template":"","format":"standard","meta":{"ub_ctt_via":"","_mi_skip_tracking":false},"categories":[6],"tags":[],"featured_image_src":"https:\/\/www.messinaoggi.it\/website\/wp-content\/uploads\/2017\/10\/germana-mezzo-busto-messinaoggiMarcyR-1.jpg","author_info":{"display_name":"red.me","author_link":"https:\/\/www.messinaoggi.it\/website\/author\/red-me\/"},"digistream_id":0,"digistream":false,"_links":{"self":[{"href":"https:\/\/www.messinaoggi.it\/website\/wp-json\/wp\/v2\/posts\/22734"}],"collection":[{"href":"https:\/\/www.messinaoggi.it\/website\/wp-json\/wp\/v2\/posts"}],"about":[{"href":"https:\/\/www.messinaoggi.it\/website\/wp-json\/wp\/v2\/types\/post"}],"author":[{"embeddable":true,"href":"https:\/\/www.messinaoggi.it\/website\/wp-json\/wp\/v2\/users\/15"}],"replies":[{"embeddable":true,"href":"https:\/\/www.messinaoggi.it\/website\/wp-json\/wp\/v2\/comments?post=22734"}],"version-history":[{"count":0,"href":"https:\/\/www.messinaoggi.it\/website\/wp-json\/wp\/v2\/posts\/22734\/revisions"}],"wp:featuredmedia":[{"embeddable":true,"href":"https:\/\/www.messinaoggi.it\/website\/wp-json\/wp\/v2\/media\/10266"}],"wp:attachment":[{"href":"https:\/\/www.messinaoggi.it\/website\/wp-json\/wp\/v2\/media?parent=22734"}],"wp:term":[{"taxonomy":"category","embeddable":true,"href":"https:\/\/www.messinaoggi.it\/website\/wp-json\/wp\/v2\/categories?post=22734"},{"taxonomy":"post_tag","embeddable":true,"href":"https:\/\/www.messinaoggi.it\/website\/wp-json\/wp\/v2\/tags?post=22734"}],"curies":[{"name":"wp","href":"https:\/\/api.w.org\/{rel}","templated":true}]}}