{"id":227232,"date":"2025-02-01T19:05:43","date_gmt":"2025-02-01T18:05:43","guid":{"rendered":"https:\/\/www.messinaoggi.it\/website\/2025\/02\/01\/conte-roma-cresciuta-tanto-mercato-lavoro-con-quelli-che-ho\/"},"modified":"2025-02-01T19:05:43","modified_gmt":"2025-02-01T18:05:43","slug":"conte-roma-cresciuta-tanto-mercato-lavoro-con-quelli-che-ho","status":"publish","type":"post","link":"https:\/\/www.messinaoggi.it\/website\/2025\/02\/01\/conte-roma-cresciuta-tanto-mercato-lavoro-con-quelli-che-ho\/","title":{"rendered":"Conte \u201cRoma cresciuta tanto. Mercato? Lavoro con quelli che ho\u201d"},"content":{"rendered":"<div>CASTELVOLTURNO (ITALPRESS) &#8211; &#8220;Che Roma affronteremo? E&#8217; una rosa che ha valori assoluti, ha Dybala, Paredes, Hummels, Ndicka, Dovbyk, Pellegrini, Mancini, il portiere Svilar, \u00e8 una squadra ed una rosa completa negli 11 e nei ricambi&#8221;. Antonio Conte mette subito in chiaro che sfida aspetta il suo Napoli all&#8217;Olimpico. Quella giallorossa \u00e8 una squadra che &#8220;\u00e8 cresciuta tanto, l&#8217;abbiamo affrontata due mesi fa ed era la prima partita di Ranieri, ascoltavo che in casa tra campionato ed Europa League vengono da 7 vittorie consecutive, 23 gol fatti e solo 3 subiti. E&#8217; una testimonianza della forza della squadra, di cosa esprime allo stadio Olimpico, davanti ad un tifo che trascina, come il nostro, bisogner\u00e0 fare grande attenzione, lo sappiamo. L&#8217;abbiamo preparata nella giusta maniera, sapendo che anche loro l&#8217;anno scorso sono arrivati prima di noi&#8221;. Per quanto riguarda il mercato, per Conte &#8220;c&#8217;\u00e8 una differenza, in generale, tra risolvere il problema e togliere il problema, nel calcio. Se lo si rimanda solo, torner\u00e0 a bussare. Io sono uno che cerca partecipare attivamente a tutte le problematiche societarie per risolvere un problema. Cerco di essere parte attiva, vista la mia esperienza, per dare la mia opinione e cercare di risolverlo nel migliore dei modi e non toglierlo. Poi sta al club prendere le decisioni, posso dire la mia se mi viene chiesta, ho scelto di mettermi a disposizione e quindi accetti anche delle situazioni, ribadendo, e non lo scopro certo adesso, che il mercato del Napoli non sar\u00e0 mai quello delle big, ci sono dei parametri da rispettare economici, di stipendio e di volont\u00e0 dei calciatori che devi convincere e rispettare &#8211; dice ancora Conte &#8211; Io so questo, non possiamo fare la voce grossa, ci sono diversi parametri a differenza di altri club. Testa bassa e pedalare, questa \u00e8 la realt\u00e0, non possiamo lamentarci o essere poco costruttivi, portiamo la nave in porto nelle migliori condizioni&#8221;. &#8220;Dissi che non si dovevano fare danni sul mercato? Dissi che mi doveva restituire lo stesso livello &#8211; ricorda il tecnico salentino &#8211; E&#8217; inevitabile che abbiamo perso un giocatore importante, oggi comunque non \u00e8 stato sostituito. Va bene tutto, ma non dobbiamo buttare fumo negli occhi. A detta di tutti \u00e8 un giocatore importante, venduto a 70-75 milioni di euro, le altre uscite sono state rimpiazzate, quella di Kvara a oggi no. Nessuno pu\u00f2 dire ci siamo rinforzati con l&#8217;uscita di Kvara o indeboliti, ma oggettivamente \u00e8 uscito un campione dalla rosa che ha fatto comunque la prima parte di campionato. E&#8217; gi\u00e0 da 4-5 gare che non c&#8217;\u00e8 pi\u00f9, ma \u00e8 giusto tenerlo presente, cos\u00ec come \u00e8 giusto tenere presente che questi ragazzi sono cresciuti in maniera importante altrimenti non si spiegherebbero i 53 punti, gli stessi dell&#8217;anno scorso. Merito ai ragazzi, mi riempie di gioia vedere come lavorano, la voglia di crescere, al di l\u00e0 di tutto, se siamo pochi a livello numerico, loro mi danno disponibilit\u00e0 e in questi momenti devo guardare cosa ho in casa e non cosa non ho, bisogna fare la differenza con quello che ho in casa&#8221;. <br \/>&#8211; foto Ipa Agency &#8211;<br \/>(ITALPRESS).<\/div>\n<div id=\"div-gpt-ad-Messinaoggi.it-DSK-300x250-corpoart\" style=\"text-align:center;margin:0 auto;\"><\/div><\/p><div id=\"videoincontent\" style=\"clear:both\";><\/div>","protected":false},"excerpt":{"rendered":"<p>CASTELVOLTURNO (ITALPRESS) &#8211; &#8220;Che Roma affronteremo? E&#8217; una rosa che ha valori assoluti, ha Dybala, Paredes, Hummels, Ndicka, Dovbyk, Pellegrini, Mancini, il portiere Svilar, \u00e8 una squadra ed una rosa completa negli 11 e nei ricambi&#8221;. Antonio Conte mette subito in chiaro che sfida aspetta il suo Napoli all&#8217;Olimpico. Quella giallorossa \u00e8 una squadra che [&hellip;]<\/p>\n","protected":false},"author":18,"featured_media":227233,"comment_status":"closed","ping_status":"closed","sticky":false,"template":"","format":"standard","meta":{"ub_ctt_via":"","_mi_skip_tracking":false},"categories":[446],"tags":[783],"featured_image_src":"https:\/\/www.messinaoggi.it\/website\/wp-content\/uploads\/2025\/02\/20250201_1188.jpg","author_info":{"display_name":"Admin","author_link":"https:\/\/www.messinaoggi.it\/website\/author\/admin\/"},"digistream_id":0,"digistream":false,"_links":{"self":[{"href":"https:\/\/www.messinaoggi.it\/website\/wp-json\/wp\/v2\/posts\/227232"}],"collection":[{"href":"https:\/\/www.messinaoggi.it\/website\/wp-json\/wp\/v2\/posts"}],"about":[{"href":"https:\/\/www.messinaoggi.it\/website\/wp-json\/wp\/v2\/types\/post"}],"author":[{"embeddable":true,"href":"https:\/\/www.messinaoggi.it\/website\/wp-json\/wp\/v2\/users\/18"}],"replies":[{"embeddable":true,"href":"https:\/\/www.messinaoggi.it\/website\/wp-json\/wp\/v2\/comments?post=227232"}],"version-history":[{"count":0,"href":"https:\/\/www.messinaoggi.it\/website\/wp-json\/wp\/v2\/posts\/227232\/revisions"}],"wp:featuredmedia":[{"embeddable":true,"href":"https:\/\/www.messinaoggi.it\/website\/wp-json\/wp\/v2\/media\/227233"}],"wp:attachment":[{"href":"https:\/\/www.messinaoggi.it\/website\/wp-json\/wp\/v2\/media?parent=227232"}],"wp:term":[{"taxonomy":"category","embeddable":true,"href":"https:\/\/www.messinaoggi.it\/website\/wp-json\/wp\/v2\/categories?post=227232"},{"taxonomy":"post_tag","embeddable":true,"href":"https:\/\/www.messinaoggi.it\/website\/wp-json\/wp\/v2\/tags?post=227232"}],"curies":[{"name":"wp","href":"https:\/\/api.w.org\/{rel}","templated":true}]}}