{"id":227228,"date":"2025-02-01T19:05:40","date_gmt":"2025-02-01T18:05:40","guid":{"rendered":"https:\/\/www.messinaoggi.it\/website\/2025\/02\/01\/il-momento-del-milan-e-il-derby-conceicao-mercato-aperto-non-aiuta\/"},"modified":"2025-02-01T19:05:40","modified_gmt":"2025-02-01T18:05:40","slug":"il-momento-del-milan-e-il-derby-conceicao-mercato-aperto-non-aiuta","status":"publish","type":"post","link":"https:\/\/www.messinaoggi.it\/website\/2025\/02\/01\/il-momento-del-milan-e-il-derby-conceicao-mercato-aperto-non-aiuta\/","title":{"rendered":"Il momento del Milan e il derby, Conceicao \u201cMercato aperto non aiuta\u201d"},"content":{"rendered":"<div>MILANO (ITALPRESS) &#8211; Diretto, senza peli sulla lingua e determinato, Conceicao vuole creare le &#8220;basi&#8221; del suo Milan. Intanto, c&#8217;\u00e8 da pensare al derby con l&#8217;Inter, alla classifica e &#8211; pi\u00f9 avanti &#8211; ai play-off di Champions League. I nerazzurri, seppure superati in Supercoppa a Riad, sono una squadra quadrata e che sta vivendo un momento opposto rispetto ai rossoneri: &#8220;Dobbiamo capire cosa possiamo fare per contrastarli quando hanno palla e comprendere le debolezze che hanno tutte le squadre del mondo&#8221;. La finestra trasferimenti non ha aiutato e il tecnico portoghese in conferenza stampa ha ammesso che &#8220;in questo periodo, delicato, con il mercato aperto qualcosa dentro la testa si muove. Non \u00e8 stato positivo con tutte queste partite in mezzo. Nonostante ci\u00f2 stiamo lavorando tanto, ma le cose scritte mi danno fastidio. Sono bugie che fanno male. Non \u00e8 facile gestire un gruppo con queste notizie, mi trovo a gestire altre cose che non mi appartengono. Noi dobbiamo concentrarci per fare una buona partita domani e vincere&#8221;. L&#8217;ex allenatore del Porto ha tracciato un bilancio dopo un mese sulla panchina del Milan: &#8220;C&#8217;\u00e8 tanto da migliorare, come in ogni squadra. Io come tutti gli allenatori ho sempre le valigie pronte. Stiamo partendo dalla base. Mi hanno chiamato 13 club in questi mesi prima del Milan e avrei guadagnato 10 volte di pi\u00f9, ma sono venuto qua perch\u00e8 ci credo&#8221;. Conceicao ha poi parlato del suo modo di essere: &#8220;Le persone confondono un p\u00f2 la non tranquillit\u00e0 con la passione. Io sono questo qua. Io vivo le partite con emozione, passione. Delle volte s\u00ec sono arrabbiato tanto, ma il mio carattere \u00e8 cos\u00ec. Ma non \u00e8 un difetto, \u00e8 il mio carattere. Se devo prendere un calmante, mah&#8230; Io sono cos\u00ec. Non c&#8217;\u00e8 nervosismo, \u00e8 il mio modo di essere. Anche se vinciamo 4-0, io sono qua a gesticolare&#8221;. Sul piano del gioco &#8220;siamo ancora molto distanti da quello che voglio io. Mi piace una squadra corta, che pressa alto, con una intensit\u00e0 altissima, che crea tanto offensivamente &#8211; ha sottolineato Conceicao -. Mi domandate se ho i giocatori per fare questo gioco. In questo momento dico di no. Per questo giochiamo in maniera diversa. Se voglio dare intensit\u00e0 e velocit\u00e0 alla squadra non \u00e8 facile perch\u00e8 non c&#8217;\u00e8 tempo. E questa non \u00e8 una scusa, perch\u00e8 io quando sono venuto qua gi\u00e0 lo sapevo. Dopo il primo tempo di Zagabria non si pu\u00f2 andare pi\u00f9 gi\u00f9&#8221;. Tra gli addii, oltre a Calabria, dovrebbe partire anche Morata: &#8220;Perch\u00e8 va via? Io parlo tutti i giorni con i giocatori. Sapete che per il poco tempo che abbiamo per lavorare sul campo parliamo tanto. Con Alvaro ho parlato ieri, insieme a tutti i compagni. Le situazioni di mercato sono quelle che sono. Come i matrimoni, ci deve essere la volont\u00e0 dello sposo, della sposa e anche del prete. Non so se ha capito, \u00e8 un p\u00f2 cos\u00ec&#8221;. Il tecnico portoghese ha poi parlato della sfida di domani: &#8220;A questo livello qua non c&#8217;\u00e8 un favorito perch\u00e8 l&#8217;ambiente \u00e8 meglio o peggio. Queste partite prendono la loro vita quando l&#8217;arbitro fischia. Se non ci fosse stato il mercato sarebbe stato meglio ma non \u00e8 possibile, noi dobbiamo concentrarci su quello che possiamo fare. Dobbiamo dare la vita alla partita, sono i giocatori che vanno in campo e la partita ha la sua storia, ogni partita \u00e8 diversa. La Supercoppa \u00e8 il passato, sar\u00e0 una partita diversa&#8221;.<br \/>&#8211; Foto: Ipa Agency &#8211;<br \/>(ITALPRESS).<\/div>\n<div id=\"div-gpt-ad-Messinaoggi.it-DSK-300x250-corpoart\" style=\"text-align:center;margin:0 auto;\"><\/div><\/p><div id=\"videoincontent\" style=\"clear:both\";><\/div>","protected":false},"excerpt":{"rendered":"<p>MILANO (ITALPRESS) &#8211; Diretto, senza peli sulla lingua e determinato, Conceicao vuole creare le &#8220;basi&#8221; del suo Milan. Intanto, c&#8217;\u00e8 da pensare al derby con l&#8217;Inter, alla classifica e &#8211; pi\u00f9 avanti &#8211; ai play-off di Champions League. I nerazzurri, seppure superati in Supercoppa a Riad, sono una squadra quadrata e che sta vivendo un [&hellip;]<\/p>\n","protected":false},"author":18,"featured_media":227229,"comment_status":"closed","ping_status":"closed","sticky":false,"template":"","format":"standard","meta":{"ub_ctt_via":"","_mi_skip_tracking":false},"categories":[446],"tags":[783],"featured_image_src":"https:\/\/www.messinaoggi.it\/website\/wp-content\/uploads\/2025\/02\/20250201_1140.jpg","author_info":{"display_name":"Admin","author_link":"https:\/\/www.messinaoggi.it\/website\/author\/admin\/"},"digistream_id":0,"digistream":false,"_links":{"self":[{"href":"https:\/\/www.messinaoggi.it\/website\/wp-json\/wp\/v2\/posts\/227228"}],"collection":[{"href":"https:\/\/www.messinaoggi.it\/website\/wp-json\/wp\/v2\/posts"}],"about":[{"href":"https:\/\/www.messinaoggi.it\/website\/wp-json\/wp\/v2\/types\/post"}],"author":[{"embeddable":true,"href":"https:\/\/www.messinaoggi.it\/website\/wp-json\/wp\/v2\/users\/18"}],"replies":[{"embeddable":true,"href":"https:\/\/www.messinaoggi.it\/website\/wp-json\/wp\/v2\/comments?post=227228"}],"version-history":[{"count":0,"href":"https:\/\/www.messinaoggi.it\/website\/wp-json\/wp\/v2\/posts\/227228\/revisions"}],"wp:featuredmedia":[{"embeddable":true,"href":"https:\/\/www.messinaoggi.it\/website\/wp-json\/wp\/v2\/media\/227229"}],"wp:attachment":[{"href":"https:\/\/www.messinaoggi.it\/website\/wp-json\/wp\/v2\/media?parent=227228"}],"wp:term":[{"taxonomy":"category","embeddable":true,"href":"https:\/\/www.messinaoggi.it\/website\/wp-json\/wp\/v2\/categories?post=227228"},{"taxonomy":"post_tag","embeddable":true,"href":"https:\/\/www.messinaoggi.it\/website\/wp-json\/wp\/v2\/tags?post=227228"}],"curies":[{"name":"wp","href":"https:\/\/api.w.org\/{rel}","templated":true}]}}