{"id":227222,"date":"2025-02-01T16:05:40","date_gmt":"2025-02-01T15:05:40","guid":{"rendered":"https:\/\/www.messinaoggi.it\/website\/2025\/02\/01\/inzaghi-derby-insidioso-serve-uninter-aggressiva\/"},"modified":"2025-02-01T16:05:40","modified_gmt":"2025-02-01T15:05:40","slug":"inzaghi-derby-insidioso-serve-uninter-aggressiva","status":"publish","type":"post","link":"https:\/\/www.messinaoggi.it\/website\/2025\/02\/01\/inzaghi-derby-insidioso-serve-uninter-aggressiva\/","title":{"rendered":"Inzaghi \u201cDerby insidioso, serve un\u2019Inter aggressiva\u201d"},"content":{"rendered":"<div>MILANO (ITALPRESS) &#8211; I derby non sono mai una gara come tutte le altre, soprattutto quando a sfidarsi sono due formazioni come Inter e Milan, le cui ambizioni sono esattamente le stesse. Lo sa bene Inzaghi, che di stracittadine sia da calciatore che da tecnico ne ha vissute gi\u00e0 parecchie. I nerazzurri arrivano alla sfida di domani, alle 18 a San Siro, reduci dal bel successo europeo con il Monaco con il passaggio diretto agli ottavi di Champions, ma ora bisogna immediatamente calarsi in clima partita: &#8220;Sappiamo tutti cosa rappresenti un derby, una partita sentita e piena di insidie &#8211; ha detto Inzaghi -. Loro hanno una squadra di qualit\u00e0 e di valore, servir\u00e0 un&#8217;Inter aggressiva e determinata. I primi due derby di quest&#8217;anno non sono andati come volevamo, a Riad dovevamo essere pi\u00f9 bravi a reagire. Dobbiamo essere pi\u00f9 bravi nei momenti decisivi della gara&#8221;. Poi su Calhanoglu: &#8220;Lui e Acerbi ieri hanno fatto il primo allenamento in gruppo dopo tanto tempo. Stanno meglio e si candidano per poterci dare una mano, ma \u00e8 probabile che Calha non parta dall&#8217;inizio&#8221;. Idee chiare, classica grinta e voglia di fare sempre passi avanti dal punto di vista della qualit\u00e0, il solito Inzaghi: &#8220;Voglio vedere la continuit\u00e0 che abbiamo avuto da agosto. Io posso solo elogiare i ragazzi, abbiamo fatto campionato e Champions molto bene. Per\u00f2, sappiamo che da adesso inizia la parte pi\u00f9 complicata&#8221;. Il calendario anche a febbraio sar\u00e0 fitto: &#8220;Abbiamo giocato sedici partite in due mesi, praticamente un girone in due mesi, e siamo stati bravi ad arrivare nelle prime otto in Champions ma abbiamo ora il recupero con la Fiorentina e la Coppa Italia in una data particolare: ci impedir\u00e0 di lavorare al meglio come pensavamo, per\u00f2 non dipende da noi. Come recupero hanno messo questa data che non ci aspettavamo, la data di Coppa Italia poteva essere diversa, ma sappiamo che dovremo correre anche a febbraio. Arrivare nelle prime otto di Champions pensavamo ci permettesse di lavorare diversamente, invece lo faremo come a gennaio&#8221;. La corsa scudetto \u00e8 serrata, ma il percorso dell&#8217;Inter passa da partite come questa, anche perch\u00e8 pure il Napoli sar\u00e0 impegnato in una gara delicata a Roma contro i giallorossi di Ranieri: &#8220;Corsa scudetto? In questo momento Napoli, Inter e Atalanta hanno preso un p\u00f2 di vantaggio e sono le tre favorite. Ma non dimentico chi si potrebbe reinserire. Sono concentrato sulla mia squadra&#8221;. L&#8217;allenatore nerazzurro \u00e8 tornato a parlare ancora della gara di Riad con i rossoneri: &#8220;Sigaro di Conceicao sopra le righe? Non mi interessa quello che \u00e8 successo, mi interessa aver visto insieme alla squadra quello che abbiamo fatto bene in campo e quello che abbiamo sbagliato. Una partita \u00e8 fatta di tanti momenti e di tanti episodi, dobbiamo essere bravi a reagire in modo diverso. I precedenti non vanno in campo, prima venivamo da una striscia positiva, ora negativa e dovremo fare meglio&#8221;. Inzaghi ha parlato anche degli arbitraggi (in relazione alla sfida di Riad): &#8220;Come sbagliamo noi e sbagliano i calciatori possono sbagliare anche gli arbitri. L&#8217;ho detto solo oggi: ieri rivedo la partita con la squadra, sul 2-0 con palla nostra c&#8217;\u00e8 stata la palla persa di Asllani, che \u00e8 poi stato imputato di averci fatto prender il 2-1 e c&#8217;\u00e8 invece un fallo netto di Morata, un calcio&#8221;. Infine, sul mercato: &#8220;Ieri ho incontrato il presidente Marotta, Ausilio e Baccin che sono comunque sempre con noi. Sicuramente qualcosa in entrata la faremo&#8221;.<br \/>&#8211; Foto Ipa Agency &#8211;<br \/>(ITALPRESS).<\/div>\n<div id=\"div-gpt-ad-Messinaoggi.it-DSK-300x250-corpoart\" style=\"text-align:center;margin:0 auto;\"><\/div><\/p><div id=\"videoincontent\" style=\"clear:both\";><\/div>","protected":false},"excerpt":{"rendered":"<p>MILANO (ITALPRESS) &#8211; I derby non sono mai una gara come tutte le altre, soprattutto quando a sfidarsi sono due formazioni come Inter e Milan, le cui ambizioni sono esattamente le stesse. Lo sa bene Inzaghi, che di stracittadine sia da calciatore che da tecnico ne ha vissute gi\u00e0 parecchie. I nerazzurri arrivano alla sfida [&hellip;]<\/p>\n","protected":false},"author":18,"featured_media":227223,"comment_status":"closed","ping_status":"closed","sticky":false,"template":"","format":"standard","meta":{"ub_ctt_via":"","_mi_skip_tracking":false},"categories":[446],"tags":[783],"featured_image_src":"https:\/\/www.messinaoggi.it\/website\/wp-content\/uploads\/2025\/02\/20250201_0962.jpg","author_info":{"display_name":"Admin","author_link":"https:\/\/www.messinaoggi.it\/website\/author\/admin\/"},"digistream_id":0,"digistream":false,"_links":{"self":[{"href":"https:\/\/www.messinaoggi.it\/website\/wp-json\/wp\/v2\/posts\/227222"}],"collection":[{"href":"https:\/\/www.messinaoggi.it\/website\/wp-json\/wp\/v2\/posts"}],"about":[{"href":"https:\/\/www.messinaoggi.it\/website\/wp-json\/wp\/v2\/types\/post"}],"author":[{"embeddable":true,"href":"https:\/\/www.messinaoggi.it\/website\/wp-json\/wp\/v2\/users\/18"}],"replies":[{"embeddable":true,"href":"https:\/\/www.messinaoggi.it\/website\/wp-json\/wp\/v2\/comments?post=227222"}],"version-history":[{"count":0,"href":"https:\/\/www.messinaoggi.it\/website\/wp-json\/wp\/v2\/posts\/227222\/revisions"}],"wp:featuredmedia":[{"embeddable":true,"href":"https:\/\/www.messinaoggi.it\/website\/wp-json\/wp\/v2\/media\/227223"}],"wp:attachment":[{"href":"https:\/\/www.messinaoggi.it\/website\/wp-json\/wp\/v2\/media?parent=227222"}],"wp:term":[{"taxonomy":"category","embeddable":true,"href":"https:\/\/www.messinaoggi.it\/website\/wp-json\/wp\/v2\/categories?post=227222"},{"taxonomy":"post_tag","embeddable":true,"href":"https:\/\/www.messinaoggi.it\/website\/wp-json\/wp\/v2\/tags?post=227222"}],"curies":[{"name":"wp","href":"https:\/\/api.w.org\/{rel}","templated":true}]}}