{"id":227112,"date":"2025-01-31T14:00:14","date_gmt":"2025-01-31T13:00:14","guid":{"rendered":"http:\/\/www.messinaoggi.it\/website\/?p=227112"},"modified":"2025-01-31T14:00:53","modified_gmt":"2025-01-31T13:00:53","slug":"scuola-villa-lina-la-fauci-palestra-cesareo-inagibile-dal-2021","status":"publish","type":"post","link":"https:\/\/www.messinaoggi.it\/website\/2025\/01\/31\/scuola-villa-lina-la-fauci-palestra-cesareo-inagibile-dal-2021\/","title":{"rendered":"Scuola Villa Lina, La Fauci: &#8220;palestra Cesareo inagibile dal 2021&#8221;"},"content":{"rendered":"\n<p>Il vice presidente supplente del Consiglio comunale e capogruppo di Ora Sicilia, <strong>Giandomenico La Fauci<\/strong>, interviene sulle condizioni della palestra del plesso Cesareo dell&#8217;IC &#8220;Villa Lina Ritiro-Battisti Foscolo&#8221;.<div id=\"div-gpt-ad-Messinaoggi.it-DSK-300x250-corpoart\" style=\"text-align:center;margin:0 auto;\"><\/div><\/p>\n\n\n\n<p>\u00abDal 2021 la palestra del plesso Cesareo dell&#8217;IC &#8220;Villa Lina Ritiro-Battisti Foscolo&#8221; \u00e8 inagibile, costringendo gli studenti a soluzioni alternative che definire precarie \u00e8 un eufemismo. L&#8217;attivit\u00e0 fisica viene svolta tra i banchi di scuola o, quando possibile, gli alunni sono costretti a scendere a piedi fino al campo sportivo per poi risalire, con tutti i rischi che questo comporta soprattutto nel periodo invernale. La situazione \u00e8 particolarmente grave per gli studenti con disabilit\u00e0, per i quali l&#8217;attivit\u00e0 motoria rappresenta un momento formativo e anche un importante supporto terapeutico. I genitori hanno anche proposto soluzioni alternative, come l&#8217;utilizzo della palestra Badiazza recentemente ripristinata, senza ricevere alcun riscontro. \u00c8 impensabile che in tutti questi anni non sia stato predisposto un progetto di ripristino. L&#8217;educazione fisica \u00e8 una componente fondamentale della crescita dei ragazzi, essenziale per il loro sviluppo psicofisico: non pu\u00f2 essere ridotta a improvvisati esercizi tra i banchi. Ho presentato un&#8217;interrogazione per conoscere le cause di questa prolungata inagibilit\u00e0 e soprattutto per sapere se esiste finalmente un progetto con tempistiche certe\u00bb.<div id=\"videoincontent\" style=\"clear:both\";><\/div><\/p>\n","protected":false},"excerpt":{"rendered":"<p>Il vice presidente supplente del Consiglio comunale e capogruppo di Ora Sicilia, Giandomenico La Fauci, interviene sulle condizioni della palestra del plesso Cesareo dell&#8217;IC &#8220;Villa Lina Ritiro-Battisti Foscolo&#8221;. \u00abDal 2021 la palestra del plesso Cesareo dell&#8217;IC &#8220;Villa Lina Ritiro-Battisti Foscolo&#8221; \u00e8 inagibile, costringendo gli studenti a soluzioni alternative che definire precarie \u00e8 un eufemismo. L&#8217;attivit\u00e0 [&hellip;]<\/p>\n","protected":false},"author":15,"featured_media":23132,"comment_status":"open","ping_status":"open","sticky":false,"template":"","format":"standard","meta":{"ub_ctt_via":"","_mi_skip_tracking":false},"categories":[4,6],"tags":[46,3367,4167,1811,11311],"featured_image_src":"https:\/\/www.messinaoggi.it\/website\/wp-content\/uploads\/2018\/08\/Giandomenico-La-Fauci-1.jpg","author_info":{"display_name":"red.me","author_link":"https:\/\/www.messinaoggi.it\/website\/author\/red-me\/"},"digistream_id":0,"digistream":false,"_links":{"self":[{"href":"https:\/\/www.messinaoggi.it\/website\/wp-json\/wp\/v2\/posts\/227112"}],"collection":[{"href":"https:\/\/www.messinaoggi.it\/website\/wp-json\/wp\/v2\/posts"}],"about":[{"href":"https:\/\/www.messinaoggi.it\/website\/wp-json\/wp\/v2\/types\/post"}],"author":[{"embeddable":true,"href":"https:\/\/www.messinaoggi.it\/website\/wp-json\/wp\/v2\/users\/15"}],"replies":[{"embeddable":true,"href":"https:\/\/www.messinaoggi.it\/website\/wp-json\/wp\/v2\/comments?post=227112"}],"version-history":[{"count":4,"href":"https:\/\/www.messinaoggi.it\/website\/wp-json\/wp\/v2\/posts\/227112\/revisions"}],"predecessor-version":[{"id":227116,"href":"https:\/\/www.messinaoggi.it\/website\/wp-json\/wp\/v2\/posts\/227112\/revisions\/227116"}],"wp:featuredmedia":[{"embeddable":true,"href":"https:\/\/www.messinaoggi.it\/website\/wp-json\/wp\/v2\/media\/23132"}],"wp:attachment":[{"href":"https:\/\/www.messinaoggi.it\/website\/wp-json\/wp\/v2\/media?parent=227112"}],"wp:term":[{"taxonomy":"category","embeddable":true,"href":"https:\/\/www.messinaoggi.it\/website\/wp-json\/wp\/v2\/categories?post=227112"},{"taxonomy":"post_tag","embeddable":true,"href":"https:\/\/www.messinaoggi.it\/website\/wp-json\/wp\/v2\/tags?post=227112"}],"curies":[{"name":"wp","href":"https:\/\/api.w.org\/{rel}","templated":true}]}}