{"id":227062,"date":"2025-01-31T00:05:48","date_gmt":"2025-01-30T23:05:48","guid":{"rendered":"https:\/\/www.messinaoggi.it\/website\/2025\/01\/31\/assemblea-di-confindustria-serbia-a-belgrado-rossi-crescita-continua\/"},"modified":"2025-01-31T00:05:48","modified_gmt":"2025-01-30T23:05:48","slug":"assemblea-di-confindustria-serbia-a-belgrado-rossi-crescita-continua","status":"publish","type":"post","link":"https:\/\/www.messinaoggi.it\/website\/2025\/01\/31\/assemblea-di-confindustria-serbia-a-belgrado-rossi-crescita-continua\/","title":{"rendered":"Assemblea di Confindustria Serbia a Belgrado, Rossi \u201cCrescita continua\u201d"},"content":{"rendered":"<div>BELGRADO (SERBIA) (ITALPRESS) &#8211; Alla presenza di un gran numero di invitati, rappresentanti del governo della Repubblica Serbia, dell&#8217;Ambasciata d&#8217;Italia a Belgrado, rappresentanti di imprese associate italiane e serbe, collaboratori e amici, Confindustria Serbia &#8211; associazione degli imprenditori italiani, attiva in Serbia gi\u00e0 da tredici anni, ha tenuto presso l&#8217;istituto Kolarac la sua assemblea generale.<br \/>Ospiti d&#8217;onore dell&#8217;Assemblea generale di Confindustria Serbia sono stati il Ministro degli Affari Esteri del Governo della Serbia, Marko \u00d0uric, l&#8217;Ambasciatore d&#8217;Italia a Belgrado, S.E. Luca Gori, il Presidente dell&#8217;Agenzia per il Commercio Estero (ICE) Matteo Zoppas e Barbara Cimmino, Vicepresidente per l&#8217;Export e Attrazione Investimenti di Confindustria Italia.<br \/>Ha aperto i lavori il Ministro degli affari esteri della Repubblica Serbia Marko \u00d0uric. &#8220;Mi congratulo con voi per i risultati che avete raggiunto nella cooperazione economica tra Serbia e Italia, che posso definire per molte ragioni come arte, soprattutto in un anno in cui lo scambio tra i nostri due Paesi supera i cinque miliardi di euro all&#8217;anno &#8211; ha detto -. La Serbia \u00e8 un paese da dove i produttori possono accedere liberamente ai mercati europei, euroasiatici, al mercato della Repubblica Popolare Cinese, poi all&#8217;Egitto, Emirati Arabi Uniti. La Serbia rappresenta un un&#8217;opportunit\u00e0 per ottenere risultati ancora migliori in quanto determinata nella sua strada verso l&#8217;adesione all&#8217;UE. Vorrei ricordare che nel momento in cui si tiene l&#8217;assemblea di Confindustria a Belgrado, i soldati italiani stanno a guardia dei monasteri serbi in Kosovo e Metohija. Posso affermare, alla vigilia di un&#8217;altra importante visita del Vice Primo Ministro e Ministro degli Affari Esteri italiano, Onorevole Tajani, mi aspetto che nel 2025 il nostro partenariato strategico continuer\u00e0 a rafforzarsi e svilupparsi&#8221;.<br \/>Il nuovo Presidente di Confindustria Serbia Romano Rossi, che guider\u00e0 l&#8217;associazione per i prossimi quattro anni, si \u00e8 rivolto ai presenti e ha presentato i piani futuri e le attivit\u00e0 riguardanti Confindustria in Serbia, il tutto con l&#8217;obiettivo di proseguire con successo lo sviluppo delle gi\u00e0 consolidate buone relazioni economiche tra Italia e Serbia. Allo stesso tempo, quest&#8217;appuntamento \u00e8 stato l&#8217;occasione perfetta anche per il past presidente di Confindustria Serbia e attuale presidente della federazione Confindustria Est Europa, Patrizio Dei Tos, per rivedere i risultati del lavoro precedente, e di conferire premi e riconoscimenti alle aziende che si sono distinte nel periodo precedente in eccellenza secondo diversi criteri.<br \/>&#8220;Negli ultimi anni &#8211; ha detto Rossi &#8211; la cooperazione economica tra Italia e Serbia ha raggiunto livelli importanti, confermando il ruolo strategico delle imprese italiane nel tessuto economico di questo territorio. Vorrei in questa cornice dare per\u00f2 peso a voi, nostri associati: oggi Confindustria Serbia vanta orgogliosamente 215 imprese associate, che danno lavoro a 33.000 persone. Questi numeri ci rendono la seconda associazione imprenditoriale europea in Serbia. Il mio ultimo ringraziamento va quindi a voi, imprenditori, per i sacrifici che fate quotidianamente ed i progetti che portate avanti con tenacia&#8221;.<br \/>Patrizio Dei Tos, Presidente dell&#8217;associazione nel periodo 2019 &#8211; 2024 si \u00e8 detto &#8220;felice di passare il testimone al collega e amico Romano Rossi, che avr\u00e0 il compito di guidare un&#8217;associazione che negli anni \u00e8 cresciuta tanto quanto \u00e8 cresciuto l&#8217;interesse reciproco tra Italia e Serbia. Consegno le chiavi di un&#8217;associazione che ha raggiunto il record di 215 aziende, segno di una presenza italiana forte e organizzata. Le imprese italiane in Serbia creano ricchezza e ricevono moltissimo da questo Paese. Vorrei che questo modo di lavorare diventi un punto di riferimento per tutta l&#8217;Europa Orientale, regione da cui passa il futuro dell&#8217;economia europea&#8221;.<br \/>Si \u00e8 rivolto ai presenti anche l&#8217;Ambasciatore Luca Gori: &#8220;Italia e Serbia vantano un&#8217;eccellente cooperazione economica e stiamo lavorando perch\u00e8 continui a rafforzarsi ulteriormente. Per questo negli ultimi due anni abbiamo organizzato 2 Forum imprenditoriali e 2 Forum di cooperazione scientifica tra Italia e Serbia oltre ad un Forum dedicato all&#8217;innovazione. Una rinnovata attenzione verso la Serbia e i Balcani Occidentali, a cui ha dato impulso il Vice Presidente del Consiglio e Ministro degli Esteri Tajani, che non a caso domani torner\u00e0 a Belgrado per inaugurare il terzo Business Forum bilaterale a cui partecipano 150 aziende italiane e oltre 200 imprese serbe con un focus sui temi dell&#8217;economia circolare e della transizione energetica; dell&#8217;Agri-tech e dell&#8217;Industria 5.0; e delle infrastrutture fisiche e immateriali&#8221;. <br \/>Matteo Zoppas, Presidente ICE ha sottolineato che &#8220;ICE \u00e8 una parte importante di quell&#8217;infrastruttura su cui gli imprenditori possono costruire lo sviluppo dei propri percorsi di internazionalizzazione. Le opportunit\u00e0 sono enormi e le quasi 1300 aziende a capitale italiano che si sono insediate qui dimostrano di crederci. La Serbia sta attraversando una fase di trasformazione e modernizzazione e l&#8217;Italia pu\u00f2 e deve essere partner di riferimento, contribuendo con le sue competenze, le sue imprese e la sua capacit\u00e0 di innovare a questo importante processo, fondamentale per raggiungere quegli standard necessari all&#8217;ingresso del paese nell&#8217;Unione Europea&#8221;.<br \/>&#8220;L&#8217;adesione della Serbia rappresenta un&#8217;opportunit\u00e0 straordinaria per rafforzare la stabilit\u00e0 economica e politica della regione balcanica, contribuendo a rendere l&#8217;Europa ancora pi\u00f9 forte e resiliente in un contesto globale sempre pi\u00f9 competitivo e in continua evoluzione. L&#8217;Italia, con la sua forte presenza industriale e il suo consolidato rapporto con la Serbia, deve sostenere questo processo di avvicinamento, lavorando in sinergia con le istituzioni europee per creare condizioni favorevoli per le nostre imprese e per il rafforzamento delle relazioni economiche bilaterali&#8221;, conclude Barbara Cimmino, Vicepresidente per l&#8217;Export e Attrazione Investimenti di Confindustria Italia.<br \/>Dopo i relativi discorsi \u00e8 seguita la cerimonia di consegna dei premi annuali dell&#8217;associazione, che porta il nome di uno dei fondatori di Confindustria in Serbia &#8220;Franco Delneri&#8221;, che mira a riconoscere gli sforzi di quelle aziende che si sono distinte nell&#8217;implementazione degli standard ESG.<br \/>Nella categoria grandi aziende il premio \u00e8 stato assegnato a Conceria Pasubio, mentre nella categoria piccole e medie imprese a Propulzija.<br \/>E&#8217; seguita la consegna dei premi ai soci, partner e singoli individui per i risultati eccezionali negli ambiti degli investimenti, dell&#8217;innovazione, della presenza nelle catene di forniture globali, degli investimenti sui giovani talenti, del rafforzamento dei legami economici bilaterali tra Serbia e Italia con un&#8217;enfasi particolare sulla rappresentanza delle eccellenze italiane in Serbia.<br \/>L&#8217;assemblea si \u00e8 tenuta alla vigilia del Forum imprenditoriale Italia-Serbia, confermando ancora una volta l&#8217;impegno delle due parti a continuare a rafforzare il partenariato economico bilaterale e a creare nuove opportunit\u00e0 di cooperazione.<div id=\"div-gpt-ad-Messinaoggi.it-DSK-300x250-corpoart\" style=\"text-align:center;margin:0 auto;\"><\/div><\/p>\n<p>&#8211; foto ufficio stampa Confindustria Serbia &#8211;<br \/>(ITALPRESS).<\/div>\n<div id=\"videoincontent\" style=\"clear:both\";><\/div>","protected":false},"excerpt":{"rendered":"<p>BELGRADO (SERBIA) (ITALPRESS) &#8211; Alla presenza di un gran numero di invitati, rappresentanti del governo della Repubblica Serbia, dell&#8217;Ambasciata d&#8217;Italia a Belgrado, rappresentanti di imprese associate italiane e serbe, collaboratori e amici, Confindustria Serbia &#8211; associazione degli imprenditori italiani, attiva in Serbia gi\u00e0 da tredici anni, ha tenuto presso l&#8217;istituto Kolarac la sua assemblea generale.Ospiti [&hellip;]<\/p>\n","protected":false},"author":18,"featured_media":227063,"comment_status":"closed","ping_status":"closed","sticky":false,"template":"","format":"standard","meta":{"ub_ctt_via":"","_mi_skip_tracking":false},"categories":[446],"tags":[783],"featured_image_src":"https:\/\/www.messinaoggi.it\/website\/wp-content\/uploads\/2025\/01\/20250130_2768.jpg","author_info":{"display_name":"Admin","author_link":"https:\/\/www.messinaoggi.it\/website\/author\/admin\/"},"digistream_id":0,"digistream":false,"_links":{"self":[{"href":"https:\/\/www.messinaoggi.it\/website\/wp-json\/wp\/v2\/posts\/227062"}],"collection":[{"href":"https:\/\/www.messinaoggi.it\/website\/wp-json\/wp\/v2\/posts"}],"about":[{"href":"https:\/\/www.messinaoggi.it\/website\/wp-json\/wp\/v2\/types\/post"}],"author":[{"embeddable":true,"href":"https:\/\/www.messinaoggi.it\/website\/wp-json\/wp\/v2\/users\/18"}],"replies":[{"embeddable":true,"href":"https:\/\/www.messinaoggi.it\/website\/wp-json\/wp\/v2\/comments?post=227062"}],"version-history":[{"count":0,"href":"https:\/\/www.messinaoggi.it\/website\/wp-json\/wp\/v2\/posts\/227062\/revisions"}],"wp:featuredmedia":[{"embeddable":true,"href":"https:\/\/www.messinaoggi.it\/website\/wp-json\/wp\/v2\/media\/227063"}],"wp:attachment":[{"href":"https:\/\/www.messinaoggi.it\/website\/wp-json\/wp\/v2\/media?parent=227062"}],"wp:term":[{"taxonomy":"category","embeddable":true,"href":"https:\/\/www.messinaoggi.it\/website\/wp-json\/wp\/v2\/categories?post=227062"},{"taxonomy":"post_tag","embeddable":true,"href":"https:\/\/www.messinaoggi.it\/website\/wp-json\/wp\/v2\/tags?post=227062"}],"curies":[{"name":"wp","href":"https:\/\/api.w.org\/{rel}","templated":true}]}}