{"id":227060,"date":"2025-01-31T00:05:46","date_gmt":"2025-01-30T23:05:46","guid":{"rendered":"https:\/\/www.messinaoggi.it\/website\/2025\/01\/31\/tajani-sul-caso-almasri-giustizia-a-orologeria-perche-tanta-fretta\/"},"modified":"2025-01-31T00:05:46","modified_gmt":"2025-01-30T23:05:46","slug":"tajani-sul-caso-almasri-giustizia-a-orologeria-perche-tanta-fretta","status":"publish","type":"post","link":"https:\/\/www.messinaoggi.it\/website\/2025\/01\/31\/tajani-sul-caso-almasri-giustizia-a-orologeria-perche-tanta-fretta\/","title":{"rendered":"Tajani \u201cSul caso Almasri giustizia a orologeria, perch\u00e8 tanta fretta?\u201d"},"content":{"rendered":"<div>ROMA (ITALPRESS) &#8211; &#8220;Parlo di giustizia a orologeria perch\u00e8 la decisione del procuratore di Roma Lo Voi di iscrivere nel registro speciale degli indagati presso il Tribunale dei ministri \u00e8 avvenuta guarda caso il giorno prima dell&#8217;intervento in Aula dei ministri Nordio e Piantedosi che dovevano raccontare quello che \u00e8 successo. Si poteva aspettare forse qualche giorno, valutare meglio, perch\u00e8 tanta fretta nel prendere questa decisione? A pensare male ogni tanto si fa bene&#8230;&#8221;. Lo ha detto il vicepremier e ministro degli Esteri, Antonio Tajani, a &#8220;Dritto e rovescio&#8221; su Retequattro, in merito alla vicenda Almasri. &#8220;La stragrande maggioranza dei magistrati non credo la pensi come chi vuole travalicare il proprio potere e attaccare il governo. Ma \u00e8 una storia antica quella di alcune parti della magistratura, vogliamo la riforma della giustizia proprio per depoliticizzare la magistratura&#8221;, ha aggiunto Tajani, secondo cui &#8220;bisognava fare l&#8217;esatto contrario di quello che \u00e8 stato fatto&#8221;. <br \/>Tajani ha quindi ricordato che Almasri &#8220;\u00e8 stato arrestato in Italia, poi la magistratura l&#8217;ha scarcerato. Il ministro Piantedosi, trattandosi di persona pericolosa, ha provveduto alla sua espulsione. Siccome si trattava di un personaggio pericoloso, \u00e8 stato accompagnato nel suo paese d&#8217;origine, cio\u00e8 la Libia, con un aereo di Stato. Non si poteva caricare su un aereo di linea data la pericolosit\u00e0 della persona&#8221;. Tajani ha parlato di &#8220;un danno all&#8217;immagine del nostro Paese&#8221; e addirittura &#8220;un quotidiano ha messo anche me tra gli indagati&#8230;&#8221;. <div id=\"div-gpt-ad-Messinaoggi.it-DSK-300x250-corpoart\" style=\"text-align:center;margin:0 auto;\"><\/div><\/p>\n<p>&#8211; foto: Agenzia Fotogramma &#8211;<br \/>(ITALPRESS).<\/div>\n<div id=\"videoincontent\" style=\"clear:both\";><\/div>","protected":false},"excerpt":{"rendered":"<p>ROMA (ITALPRESS) &#8211; &#8220;Parlo di giustizia a orologeria perch\u00e8 la decisione del procuratore di Roma Lo Voi di iscrivere nel registro speciale degli indagati presso il Tribunale dei ministri \u00e8 avvenuta guarda caso il giorno prima dell&#8217;intervento in Aula dei ministri Nordio e Piantedosi che dovevano raccontare quello che \u00e8 successo. Si poteva aspettare forse [&hellip;]<\/p>\n","protected":false},"author":18,"featured_media":227061,"comment_status":"closed","ping_status":"closed","sticky":false,"template":"","format":"standard","meta":{"ub_ctt_via":"","_mi_skip_tracking":false},"categories":[446],"tags":[783],"featured_image_src":"https:\/\/www.messinaoggi.it\/website\/wp-content\/uploads\/2025\/01\/20250130_2753.jpg","author_info":{"display_name":"Admin","author_link":"https:\/\/www.messinaoggi.it\/website\/author\/admin\/"},"digistream_id":0,"digistream":false,"_links":{"self":[{"href":"https:\/\/www.messinaoggi.it\/website\/wp-json\/wp\/v2\/posts\/227060"}],"collection":[{"href":"https:\/\/www.messinaoggi.it\/website\/wp-json\/wp\/v2\/posts"}],"about":[{"href":"https:\/\/www.messinaoggi.it\/website\/wp-json\/wp\/v2\/types\/post"}],"author":[{"embeddable":true,"href":"https:\/\/www.messinaoggi.it\/website\/wp-json\/wp\/v2\/users\/18"}],"replies":[{"embeddable":true,"href":"https:\/\/www.messinaoggi.it\/website\/wp-json\/wp\/v2\/comments?post=227060"}],"version-history":[{"count":0,"href":"https:\/\/www.messinaoggi.it\/website\/wp-json\/wp\/v2\/posts\/227060\/revisions"}],"wp:featuredmedia":[{"embeddable":true,"href":"https:\/\/www.messinaoggi.it\/website\/wp-json\/wp\/v2\/media\/227061"}],"wp:attachment":[{"href":"https:\/\/www.messinaoggi.it\/website\/wp-json\/wp\/v2\/media?parent=227060"}],"wp:term":[{"taxonomy":"category","embeddable":true,"href":"https:\/\/www.messinaoggi.it\/website\/wp-json\/wp\/v2\/categories?post=227060"},{"taxonomy":"post_tag","embeddable":true,"href":"https:\/\/www.messinaoggi.it\/website\/wp-json\/wp\/v2\/tags?post=227060"}],"curies":[{"name":"wp","href":"https:\/\/api.w.org\/{rel}","templated":true}]}}