{"id":227054,"date":"2025-01-30T22:05:41","date_gmt":"2025-01-30T21:05:41","guid":{"rendered":"https:\/\/www.messinaoggi.it\/website\/2025\/01\/30\/schlein-meloni-fa-la-vittima-ma-non-si-occupa-del-paese\/"},"modified":"2025-01-30T22:05:41","modified_gmt":"2025-01-30T21:05:41","slug":"schlein-meloni-fa-la-vittima-ma-non-si-occupa-del-paese","status":"publish","type":"post","link":"https:\/\/www.messinaoggi.it\/website\/2025\/01\/30\/schlein-meloni-fa-la-vittima-ma-non-si-occupa-del-paese\/","title":{"rendered":"Schlein \u201cMeloni fa la vittima ma non si occupa del Paese\u201d"},"content":{"rendered":"<div>ROMA (ITALPRESS) &#8211; &#8220;E&#8217; evidente che Meloni alzi lo scontro coi giudici per non parlare del merito della questione: la scelta politica di riportare a casa un torturatore libico. E per continuare la sua ostinata ricerca di un nemico al giorno, oggi un magistrato che ha fatto una mera comunicazione prescritta dalla legge. Gi\u00e0 altri giudici si sono dimessi, questa macchina del fango della destra per colpire singole persone deve finire. E&#8217; inaccettabile che chi governa usi il suo potere per deligittimarne un altro previsto in Costituzione&#8221;. Lo ha detto la segretaria del Pd, Elly Schlein. &#8220;Cos\u00ec &#8211; aggiunge &#8211; si parla tutto il giorno di questo mentre l&#8217;economia italiana \u00e8 ferma, la crescita meno della met\u00e0 del previsto, la produzione industriale cala da ventidue mesi, come i salari di chi guadagna tra 8 e 9mila euro. A salire invece sono le bollette di famiglie e imprese nell&#8217;inerzia del governo, sono le accise sul diesel che hanno aumentato di soppiatto, sono le liste d&#8217;attesa su cui non attuano il decreto da sei mesi. Ma anche stavolta di tutto questo Meloni se ne occuper\u00e0 domani, oggi \u00e8 troppo impegnata a fare la vittima&#8221;.<br \/>-foto Agenzia Fotogramma-<br \/>(ITALPRESS).<\/div>\n<div id=\"div-gpt-ad-Messinaoggi.it-DSK-300x250-corpoart\" style=\"text-align:center;margin:0 auto;\"><\/div><\/p><div id=\"videoincontent\" style=\"clear:both\";><\/div>","protected":false},"excerpt":{"rendered":"<p>ROMA (ITALPRESS) &#8211; &#8220;E&#8217; evidente che Meloni alzi lo scontro coi giudici per non parlare del merito della questione: la scelta politica di riportare a casa un torturatore libico. E per continuare la sua ostinata ricerca di un nemico al giorno, oggi un magistrato che ha fatto una mera comunicazione prescritta dalla legge. Gi\u00e0 altri [&hellip;]<\/p>\n","protected":false},"author":18,"featured_media":227055,"comment_status":"closed","ping_status":"closed","sticky":false,"template":"","format":"standard","meta":{"ub_ctt_via":"","_mi_skip_tracking":false},"categories":[446],"tags":[783],"featured_image_src":"https:\/\/www.messinaoggi.it\/website\/wp-content\/uploads\/2025\/01\/20250130_2578.jpg","author_info":{"display_name":"Admin","author_link":"https:\/\/www.messinaoggi.it\/website\/author\/admin\/"},"digistream_id":0,"digistream":false,"_links":{"self":[{"href":"https:\/\/www.messinaoggi.it\/website\/wp-json\/wp\/v2\/posts\/227054"}],"collection":[{"href":"https:\/\/www.messinaoggi.it\/website\/wp-json\/wp\/v2\/posts"}],"about":[{"href":"https:\/\/www.messinaoggi.it\/website\/wp-json\/wp\/v2\/types\/post"}],"author":[{"embeddable":true,"href":"https:\/\/www.messinaoggi.it\/website\/wp-json\/wp\/v2\/users\/18"}],"replies":[{"embeddable":true,"href":"https:\/\/www.messinaoggi.it\/website\/wp-json\/wp\/v2\/comments?post=227054"}],"version-history":[{"count":0,"href":"https:\/\/www.messinaoggi.it\/website\/wp-json\/wp\/v2\/posts\/227054\/revisions"}],"wp:featuredmedia":[{"embeddable":true,"href":"https:\/\/www.messinaoggi.it\/website\/wp-json\/wp\/v2\/media\/227055"}],"wp:attachment":[{"href":"https:\/\/www.messinaoggi.it\/website\/wp-json\/wp\/v2\/media?parent=227054"}],"wp:term":[{"taxonomy":"category","embeddable":true,"href":"https:\/\/www.messinaoggi.it\/website\/wp-json\/wp\/v2\/categories?post=227054"},{"taxonomy":"post_tag","embeddable":true,"href":"https:\/\/www.messinaoggi.it\/website\/wp-json\/wp\/v2\/tags?post=227054"}],"curies":[{"name":"wp","href":"https:\/\/api.w.org\/{rel}","templated":true}]}}