{"id":227052,"date":"2025-01-30T22:05:40","date_gmt":"2025-01-30T21:05:40","guid":{"rendered":"https:\/\/www.messinaoggi.it\/website\/2025\/01\/30\/meloni-se-alcuni-giudici-vogliono-governare-si-candidino\/"},"modified":"2025-01-30T22:05:40","modified_gmt":"2025-01-30T21:05:40","slug":"meloni-se-alcuni-giudici-vogliono-governare-si-candidino","status":"publish","type":"post","link":"https:\/\/www.messinaoggi.it\/website\/2025\/01\/30\/meloni-se-alcuni-giudici-vogliono-governare-si-candidino\/","title":{"rendered":"Meloni \u201cSe alcuni giudici vogliono governare si candidino\u201d"},"content":{"rendered":"<div>MILANO (ITALPRESS) &#8211; &#8220;Alcuni giudici vogliono governare. Il problema \u00e8 che se io sbaglio gli italiani mi mandano a casa, se sbagliano loro non succede niente. Se alcuni giudici vogliono governare si candidino alle elezioni&#8221;. Lo dice il premier Giorgia Meloni, in collegamento con l&#8217;evento &#8220;La ripartenza&#8221;, organizzato da Nicola Porro a Milano, rispondendo a una domanda sul caso Almasri e sull&#8217;avviso ricevuto dalla Procura di Roma.&#8221;Non \u00e8 normale &#8211; aggiunge &#8211; che certi giudici politicizzati cerchino di colpire chi non \u00e8 politicamente schierato con loro. Sono degenerazioni che hanno messo in ginocchio la nazione pi\u00f9 bella del mondo&#8221;.<br \/>&#8220;Non intendo mollare di un centimetro &#8211; prosegue &#8211; almeno fino a quando sapr\u00f2 che la maggioranza degli italiani \u00e8 per me&#8221;.<br \/>-foto Agenzia Fotogramma &#8211;<br \/>(ITALPRESS).<\/div>\n<div id=\"div-gpt-ad-Messinaoggi.it-DSK-300x250-corpoart\" style=\"text-align:center;margin:0 auto;\"><\/div><\/p><div id=\"videoincontent\" style=\"clear:both\";><\/div>","protected":false},"excerpt":{"rendered":"<p>MILANO (ITALPRESS) &#8211; &#8220;Alcuni giudici vogliono governare. Il problema \u00e8 che se io sbaglio gli italiani mi mandano a casa, se sbagliano loro non succede niente. Se alcuni giudici vogliono governare si candidino alle elezioni&#8221;. Lo dice il premier Giorgia Meloni, in collegamento con l&#8217;evento &#8220;La ripartenza&#8221;, organizzato da Nicola Porro a Milano, rispondendo a [&hellip;]<\/p>\n","protected":false},"author":18,"featured_media":227053,"comment_status":"closed","ping_status":"closed","sticky":false,"template":"","format":"standard","meta":{"ub_ctt_via":"","_mi_skip_tracking":false},"categories":[446],"tags":[783],"featured_image_src":"https:\/\/www.messinaoggi.it\/website\/wp-content\/uploads\/2025\/01\/20250130_2498.jpg","author_info":{"display_name":"Admin","author_link":"https:\/\/www.messinaoggi.it\/website\/author\/admin\/"},"digistream_id":0,"digistream":false,"_links":{"self":[{"href":"https:\/\/www.messinaoggi.it\/website\/wp-json\/wp\/v2\/posts\/227052"}],"collection":[{"href":"https:\/\/www.messinaoggi.it\/website\/wp-json\/wp\/v2\/posts"}],"about":[{"href":"https:\/\/www.messinaoggi.it\/website\/wp-json\/wp\/v2\/types\/post"}],"author":[{"embeddable":true,"href":"https:\/\/www.messinaoggi.it\/website\/wp-json\/wp\/v2\/users\/18"}],"replies":[{"embeddable":true,"href":"https:\/\/www.messinaoggi.it\/website\/wp-json\/wp\/v2\/comments?post=227052"}],"version-history":[{"count":0,"href":"https:\/\/www.messinaoggi.it\/website\/wp-json\/wp\/v2\/posts\/227052\/revisions"}],"wp:featuredmedia":[{"embeddable":true,"href":"https:\/\/www.messinaoggi.it\/website\/wp-json\/wp\/v2\/media\/227053"}],"wp:attachment":[{"href":"https:\/\/www.messinaoggi.it\/website\/wp-json\/wp\/v2\/media?parent=227052"}],"wp:term":[{"taxonomy":"category","embeddable":true,"href":"https:\/\/www.messinaoggi.it\/website\/wp-json\/wp\/v2\/categories?post=227052"},{"taxonomy":"post_tag","embeddable":true,"href":"https:\/\/www.messinaoggi.it\/website\/wp-json\/wp\/v2\/tags?post=227052"}],"curies":[{"name":"wp","href":"https:\/\/api.w.org\/{rel}","templated":true}]}}