{"id":22698,"date":"2018-07-31T16:29:31","date_gmt":"2018-07-31T14:29:31","guid":{"rendered":"http:\/\/www.messinaoggi.it\/website\/?p=22698"},"modified":"2018-07-31T16:29:31","modified_gmt":"2018-07-31T14:29:31","slug":"il-messina-corre-alla-cittadella-sciotto-prepara-il-sogno-ripescaggio","status":"publish","type":"post","link":"https:\/\/www.messinaoggi.it\/website\/2018\/07\/31\/il-messina-corre-alla-cittadella-sciotto-prepara-il-sogno-ripescaggio\/","title":{"rendered":"Il Messina corre alla cittadella con Sarcone, Sciotto prepara il sogno ripescaggio"},"content":{"rendered":"<p style=\"text-align: justify\">Tanti under, qualche acquisto e diversi profili in prova, tutti agli ordini di mister Raffaele: primi giorni di preparazione in vista della prossima stagione per la seconda edizione dell&#8217;Acr targato Pietro Sciotto. Ad accogliere le prime sgambate dei peloritani le eccellenti strutture di allenamento della cittadella universitaria, sita all&#8217;Annunziata.<div id=\"div-gpt-ad-Messinaoggi.it-DSK-300x250-corpoart\" style=\"text-align:center;margin:0 auto;\"><\/div><\/p>\n<p style=\"text-align: justify\">Ieri il primo giorno di ritiro. I convocati si sono ritrovati nel pomeriggio e dopo i saluti e la sistemazione logistica, il tecnico ex Igea Virtus ha radunato i giocatori nella palestra per eseguire dei test atletici conoscitivi, proseguiti poi sul campo. Nella mattinata di oggi ancora i ragazzi si sono dedicati prima ad alcuni esercizi svolti in palestra, per poi continuare il lavoro sul prato che ospita le gare della compagine cussina.<div id=\"videoincontent\" style=\"clear:both\";><\/div><\/p>\n<p style=\"text-align: justify\"><strong>Colpo in entrata<\/strong>. Sul fronte rinforzi ufficiale l&#8217;ingaggio di <strong>Davide Sarcone<\/strong>, difensore classe &#8217;99 e prodotto del settore giovanile del Crotone, ben noto a Raffaele che lo ha allenato lo scorso anno a Barcellona. L&#8217;atleta calabrese andr\u00e0 ad occupare il ruolo di terzino destro.<img loading=\"lazy\" id=\"4F854CB3-1338-4150-B815-B282D617512D\" class=\"alignright\" src=\"https:\/\/webmail.aruba.it\/cgi-bin\/ajaxmail?Act_View=1&amp;ID=IeBAKmDJszbNSpM_Y@BAK5NMvQvXu2jfo0Zcq5U88NuTZt0K8zpm1b&amp;R_Folder=SU5CT1g=&amp;msgID=28335&amp;Body=2.2\" width=\"230\" height=\"306\" \/><span style=\"text-align: justify\">\u00a0<\/span><\/p>\n<p style=\"text-align: justify\"><span style=\"text-align: justify\">Lo staff che affiancher\u00e0 l&#8217;allenatore intanto si arricchisce anche di due nuovi profili: si tratta dei fisioterapisti specialisti in riabilitazione motoria,<\/span><span style=\"text-align: justify\">\u00a0Saro Cutuli e Andrea Calimeri.\u00a0<\/span><\/p>\n<p style=\"text-align: justify\">Con tecnico e societ\u00e0 vigili sul mercato per rinforzare la rosa gi\u00f9 all&#8217;opera, in attesa del responso del Palazzo, il Presidente Pietro Sciotto lancia un segnale concreto a citt\u00e0 e tifoseria preparando la somma necessaria per le due fideiussioni richieste nel caso in cui il commissario della Figc Fabbricini riapra le porte della serie C al Messina. La settimana prossima dir\u00e0 quale parte prevaler\u00e0 nel duello tra\u00a0 Figc e Coni da un lato e il presidente della Lega di serie C Gravina dall&#8217;altro, tuttavia, dopo mesi di polemiche e timori intorno alla potenza economica della societ\u00e0, il patron ha impegnato in banca quel milione circa che serve per lasciare gi\u00f9 quest&#8217;anno la serie D.<\/p>\n<p style=\"text-align: justify\">Non resta che attendere e sperare.<\/p>\n","protected":false},"excerpt":{"rendered":"<p>Tanti under, qualche acquisto e diversi profili in prova, tutti agli ordini di mister Raffaele: primi giorni di preparazione in vista della prossima stagione per la seconda edizione dell&#8217;Acr targato Pietro Sciotto. Ad accogliere le prime sgambate dei peloritani le eccellenti strutture di allenamento della cittadella universitaria, sita all&#8217;Annunziata. Ieri il primo giorno di ritiro. [&hellip;]<\/p>\n","protected":false},"author":6,"featured_media":22699,"comment_status":"closed","ping_status":"open","sticky":false,"template":"","format":"standard","meta":{"ub_ctt_via":"","_mi_skip_tracking":false},"categories":[10],"tags":[],"featured_image_src":"https:\/\/www.messinaoggi.it\/website\/wp-content\/uploads\/2018\/07\/WhatsApp-Image-2018-07-31-at-16.27.22-1.jpeg","author_info":{"display_name":"Redazione MessinaOggi.it","author_link":"https:\/\/www.messinaoggi.it\/website\/author\/p-vinci\/"},"digistream_id":0,"digistream":false,"_links":{"self":[{"href":"https:\/\/www.messinaoggi.it\/website\/wp-json\/wp\/v2\/posts\/22698"}],"collection":[{"href":"https:\/\/www.messinaoggi.it\/website\/wp-json\/wp\/v2\/posts"}],"about":[{"href":"https:\/\/www.messinaoggi.it\/website\/wp-json\/wp\/v2\/types\/post"}],"author":[{"embeddable":true,"href":"https:\/\/www.messinaoggi.it\/website\/wp-json\/wp\/v2\/users\/6"}],"replies":[{"embeddable":true,"href":"https:\/\/www.messinaoggi.it\/website\/wp-json\/wp\/v2\/comments?post=22698"}],"version-history":[{"count":0,"href":"https:\/\/www.messinaoggi.it\/website\/wp-json\/wp\/v2\/posts\/22698\/revisions"}],"wp:featuredmedia":[{"embeddable":true,"href":"https:\/\/www.messinaoggi.it\/website\/wp-json\/wp\/v2\/media\/22699"}],"wp:attachment":[{"href":"https:\/\/www.messinaoggi.it\/website\/wp-json\/wp\/v2\/media?parent=22698"}],"wp:term":[{"taxonomy":"category","embeddable":true,"href":"https:\/\/www.messinaoggi.it\/website\/wp-json\/wp\/v2\/categories?post=22698"},{"taxonomy":"post_tag","embeddable":true,"href":"https:\/\/www.messinaoggi.it\/website\/wp-json\/wp\/v2\/tags?post=22698"}],"curies":[{"name":"wp","href":"https:\/\/api.w.org\/{rel}","templated":true}]}}