{"id":22696,"date":"2018-07-31T15:35:54","date_gmt":"2018-07-31T13:35:54","guid":{"rendered":"http:\/\/www.messinaoggi.it\/website\/?p=22696"},"modified":"2018-07-31T15:35:54","modified_gmt":"2018-07-31T13:35:54","slug":"palazzo-zanca-definite-le-otto-commissioni-consiliari","status":"publish","type":"post","link":"https:\/\/www.messinaoggi.it\/website\/2018\/07\/31\/palazzo-zanca-definite-le-otto-commissioni-consiliari\/","title":{"rendered":"Palazzo Zanca, definite le otto Commissioni consiliari"},"content":{"rendered":"<p style=\"text-align: justify\">Approvata, durante la seduta del consiglio comunale tenutasi nella giornata di ieri, con ventidue voti favorevoli, sette astenuti e nessuno contrario, la proposta deliberativa relativa alla costituzione di otto Commissioni consiliari permanenti e la loro composizione.<div id=\"div-gpt-ad-Messinaoggi.it-DSK-300x250-corpoart\" style=\"text-align:center;margin:0 auto;\"><\/div><\/p>\n<p style=\"text-align: justify\">Gli ambiti definiti dalle otto commissioni e i consiglieri che ne fanno parte.<div id=\"videoincontent\" style=\"clear:both\";><\/div><\/p>\n<p style=\"text-align: justify\"><strong>I COMMISSIONE: Mobilit\u00e0 e Lavori Pubblici (Viabilit\u00e0, Trasporto Urbano, Mobilit\u00e0 Sostenibile, Citt\u00e0 Metropolitana e Area dello Stretto, Decentramento e Circoscrizioni, Infrastrutture e Lavori Pubblici, Manutenzione Beni e Servizi, Arredo Urbano e Spazi Pubblici, Cimiteri);<\/strong><br \/>\nNe faranno parte i consiglieri Giovanna Crif\u00f2, Daria Rotolo, Giandomenico La Fauci,\u00a0 Francesco Pagano,\u00a0 Giovanni Scavello,\u00a0 Placido Bramanti,\u00a0 Massimo Rizzo,\u00a0 Sebastiano Pergolizzi,\u00a0 Alessandro Russo, Libero Gioveni,\u00a0 Antonella Russo,\u00a0 Gaetano Sciacca,\u00a0 Paolo Mangano,\u00a0 Giuseppe Schepis, Francesco Cipolla.<\/p>\n<p style=\"text-align: justify\"><strong>II COMMISSIONE: Bilancio e Politiche Finanziarie (Bilancio e Finanze, Programmazione Economica, Patrimonio, Acquario e Dimore degli Animali, Societ\u00e0 Partecipate, Contenzioso);<\/strong><br \/>\nNe faranno parte i consiglieri Ugo Zante, Pietro La Tona, Giandomenico La Fauci, Pierluigi Parisi, Giovanni Scavello, Placido Bramanti, Massimo Rizzo, Sebastiano Pergolizzi, Felice Calabr\u00f2, Antonella Russo, Libero Gioveni, Gaetano Sciacca, Cristina Cannistr\u00e0, Francesco Cipolla, Paolo Mangano.<\/p>\n<p style=\"text-align: justify\"><strong>III COMMISSIONE: Igiene e Sanit\u00e0 (Igiene Cittadina, Rifiuti e Ambiente, Risorse Idriche, Torrenti, Sanit\u00e0, Politiche della Salute, Interventi Igienico-Sanitari, Fiere e Mercati);<\/strong><br \/>\nNe faranno parte i consiglieri Giovanna Crif\u00f2, Pietro La Tona, Giandomenico La Fauci, Francesco Pagano, Giovanbattista Caruso, Giovanni Scavello, Placido Bramanti, Sebastiano Pergolizzi, Alessandro Russo, Libero Gioveni, Antonella Russo, Gaetano Sciacca, Cristina Cannistr\u00e0, Francesco Cipolla, Ugo Zante.<\/p>\n<p style=\"text-align: justify\"><strong>IV COMMISSIONE: Sviluppo Economico e Piano Strategico (Sviluppo Economico, Turismo, Sviluppo Zone Rurali, Piano Strategico, Smart City, Innovazione Tecnologica, Politiche Energetiche, Rapporti con Universit\u00e0 ed Enti di Ricerca, Attrazione e Programmazione Fondi Extracomunitari, Rapporti con le Istituzioni Europee);<\/strong><br \/>\nNe faranno parte i consiglieri Giovanna Crif\u00f2,\u00a0 Ugo Zante, Daria Rotolo, Pietro La Tona, Giandomenico La Fauci, Francesco Pagano,\u00a0 Giovanbattista Caruso,\u00a0 Giovanni Scavello, Massimo Rizzo, Alessandro Russo, Antonella Russo,\u00a0 Felice Calabr\u00f2, Francesco Cipolla, Giuseppe Schepis, Paolo Mangano.<\/p>\n<p style=\"text-align: justify\">\n<strong>V COMMISSIONE: Scuola e Politiche Culturali (Scuola, Sport e Impianti Sportivi, Spettacolo e Tempo libero, Beni Culturali e Ambientali, Tradizioni Popolari, Attivit\u00e0 Produttive, Agricoltura-Pesca-Artigianato-Industria-Commercio);<\/strong><br \/>\nNe faranno parte i consiglieri Ugo Zante, Daria Rotolo, Pietro La Tona, Giandomenico La Fauci, Pierluigi Parisi, Giovanbattista Caruso, Giovanni Scavello, Massimo Rizzo, Sebastiano Pergolizzi, Libero Gioveni, Antonella Russo, Cristina Cannistr\u00e0, Francesco Cipolla, Giuseppe Schepis, Francesco Pagano.<\/p>\n<p style=\"text-align: justify\"><strong>VI COMMISSIONE: Pianificazione Urbana (Urbanistica, Edilizia Pubblica e Privata, Risanamento, Protezione Civile e Difesa del Suolo e delle Coste, Sicurezza Urbana, Politiche di Pianificazione dei Porti e delle Spiagge, Politiche del Mare e Beni Demaniali Marittimi);<\/strong><br \/>\nNe faranno parte i consiglieri Ugo Zante, Daria Rotolo, Pietro La Tona, Pierluigi Parisi, Francesco Pagano, Giovanbattista Caruso, Giovanni Scavello, Massimo Rizzo, Alessandro Russ, Libero Gioveni, Felice Calabr\u00f2, Gaetano Sciacca, Cristina Cannistr\u00e0, Paolo Mangano, Giuseppe Schepis.<\/p>\n<p style=\"text-align: justify\"><strong>VII COMMISSIONE: Politiche Sociali (Politiche Sociali, Volontariato, Pari Opportunit\u00e0, Politiche di Integrazione, Politiche del Lavoro, Sicurezza sui Luoghi di Lavoro, Politiche Giovanili);<\/strong><br \/>\nNe faranno parte i consiglieri Ugo Zante, Daria Rotolo, Pierluigi Parisi, Francesco Pagano, Giovambattista Caruso, Giovanni Scavello, Sebastiano Pergolizzi, Massimo Rizzo, Libero Gioveni, Felice Calabr\u00f2, Gaetano Sciacca, Cristina Cannistr\u00e0, Giuseppe Schepis, Paolo Mangano, Giovanna Crif\u00f2.<\/p>\n<p style=\"text-align: justify\"><strong>VIII COMMISSIONE: Statuto e Affari Istituzionali (Studio e Riforma dello Statuto Comunale, Regolamenti attuativi dello Statuto, Risorse Umane, Riorganizzazione Assetti Amministrativi dei Servizi Municipali, Polizia Municipale, Legalit\u00e0 e Trasparenza Amministrativa);<\/strong><br \/>\nNe faranno parte i consiglieri Giovanna Crif\u00f2, Daria Rotolo, Pietro La Tona, Pierluigi Parisi, Giandomenico La Fauci, Giovambattista Caruso, Placido Bramanti, Alessandro Russo, Sebastiano Pergolizzi, Antonella Russo, Felice Calabr\u00f2, Cristina Cannistr\u00e0, Francesco Cipolla, Paolo Mangano, Giuseppe Schepis.<\/p>\n","protected":false},"excerpt":{"rendered":"<p>Approvata, durante la seduta del consiglio comunale tenutasi nella giornata di ieri, con ventidue voti favorevoli, sette astenuti e nessuno contrario, la proposta deliberativa relativa alla costituzione di otto Commissioni consiliari permanenti e la loro composizione. Gli ambiti definiti dalle otto commissioni e i consiglieri che ne fanno parte. I COMMISSIONE: Mobilit\u00e0 e Lavori Pubblici [&hellip;]<\/p>\n","protected":false},"author":6,"featured_media":2496,"comment_status":"closed","ping_status":"open","sticky":false,"template":"","format":"standard","meta":{"ub_ctt_via":"","_mi_skip_tracking":false},"categories":[4],"tags":[],"featured_image_src":"https:\/\/www.messinaoggi.it\/website\/wp-content\/uploads\/2017\/06\/Palazzo-Zanca-2-2.jpg","author_info":{"display_name":"Redazione MessinaOggi.it","author_link":"https:\/\/www.messinaoggi.it\/website\/author\/p-vinci\/"},"digistream_id":0,"digistream":false,"_links":{"self":[{"href":"https:\/\/www.messinaoggi.it\/website\/wp-json\/wp\/v2\/posts\/22696"}],"collection":[{"href":"https:\/\/www.messinaoggi.it\/website\/wp-json\/wp\/v2\/posts"}],"about":[{"href":"https:\/\/www.messinaoggi.it\/website\/wp-json\/wp\/v2\/types\/post"}],"author":[{"embeddable":true,"href":"https:\/\/www.messinaoggi.it\/website\/wp-json\/wp\/v2\/users\/6"}],"replies":[{"embeddable":true,"href":"https:\/\/www.messinaoggi.it\/website\/wp-json\/wp\/v2\/comments?post=22696"}],"version-history":[{"count":0,"href":"https:\/\/www.messinaoggi.it\/website\/wp-json\/wp\/v2\/posts\/22696\/revisions"}],"wp:featuredmedia":[{"embeddable":true,"href":"https:\/\/www.messinaoggi.it\/website\/wp-json\/wp\/v2\/media\/2496"}],"wp:attachment":[{"href":"https:\/\/www.messinaoggi.it\/website\/wp-json\/wp\/v2\/media?parent=22696"}],"wp:term":[{"taxonomy":"category","embeddable":true,"href":"https:\/\/www.messinaoggi.it\/website\/wp-json\/wp\/v2\/categories?post=22696"},{"taxonomy":"post_tag","embeddable":true,"href":"https:\/\/www.messinaoggi.it\/website\/wp-json\/wp\/v2\/tags?post=22696"}],"curies":[{"name":"wp","href":"https:\/\/api.w.org\/{rel}","templated":true}]}}