{"id":226902,"date":"2025-01-30T01:05:44","date_gmt":"2025-01-30T00:05:44","guid":{"rendered":"https:\/\/www.messinaoggi.it\/website\/2025\/01\/30\/juve-ko-allo-stadium-col-benfica-ora-i-play-off\/"},"modified":"2025-01-30T01:05:44","modified_gmt":"2025-01-30T00:05:44","slug":"juve-ko-allo-stadium-col-benfica-ora-i-play-off","status":"publish","type":"post","link":"https:\/\/www.messinaoggi.it\/website\/2025\/01\/30\/juve-ko-allo-stadium-col-benfica-ora-i-play-off\/","title":{"rendered":"Juve ko allo Stadium col Benfica, ora i play-off"},"content":{"rendered":"<div>TORINO (ITALPRESS) &#8211; Nell&#8217;ottava e ultima giornata della prima fase di Champions League la Juventus \u00e8 stata sconfitta 2-0 all&#8217;Allianz Stadium di Torino da un Benfica che doveva a tutti i costi vincere per essere sicuro della qualificazione ai playoff. Playoff gi\u00e0 raggiunti dai bianconeri matematicamente al turno precedente, ma che con questa sconfitta hanno ulteriormente peggiorato la loro posizione in classifica. Uomini di Thiago Motta travolti da bordate di fischi al termine della gara. Al 16&#8242; del primo tempo \u00e8 stato il Benfica a passare in vantaggio dopo una serie di schermaglie in avvio: tentativo di ripartenza bianconera interrotta e palla ai portoghesi, pallone stoppato da Bah dietro la linea difensiva della Juventus e appoggio a Pavlidis che tutto solo davanti a Perin \u00e8 stato bravo a non sbagliare. Quasi nulla la reazione dei padroni di casa &#8211; che sullo 0-0 avevano perso per infortunio Kalulu, con Locatelli adattato a centrale &#8211; che dopo aver subito il gol non sono mai riusciti concretamente a creare delle situazioni pericolose alla retroguardia della squadra di Lisbona. Sornione, il Benfica ha invece sfiorato clamorosamente il raddoppio in pieno recupero di primo tempo quando, su un disimpegno sbagliato di Gatti, \u00e8 stato Aursnes a rubare palla e a servire ancora Pavilidis che per\u00f2 stavolta ha trovato le mani di Perin che \u00e8 riuscito a deviare sopra la traversa con grande istinto. Juventus pi\u00f9 dinamica ed energica nella ripresa alla ricerca del pareggio, seppur con scarsa concretezza sotto porta. Al 30&#8242; \u00e8 stato per\u00f2 un tocco involontario di Otamendi a chiamare alla parata a terra Trubin, azione pi\u00f9 pericolosa fino a quel momento dei bianconeri e ci\u00f2 la dice lunga sull&#8217;inconsistenza del reparto offensivo bianconero in questa partita. A dieci minuti dal termine della sfida, un altro acuto improvviso ha regalato invece al Benfica il raddoppio: con grande rapidit\u00e0 Kokcu si \u00e8 infilato tra le maglie della retroguardia bianconera e dalla distanza ha lasciato partire un gran destro rasoterra che si \u00e8 infilato alle spalle di Perin chiudendo di fatto la gara.<br \/>&#8211; foto Ipa Agency &#8211;<br \/>(ITALPRESS).<\/div>\n<div id=\"div-gpt-ad-Messinaoggi.it-DSK-300x250-corpoart\" style=\"text-align:center;margin:0 auto;\"><\/div><\/p><div id=\"videoincontent\" style=\"clear:both\";><\/div>","protected":false},"excerpt":{"rendered":"<p>TORINO (ITALPRESS) &#8211; Nell&#8217;ottava e ultima giornata della prima fase di Champions League la Juventus \u00e8 stata sconfitta 2-0 all&#8217;Allianz Stadium di Torino da un Benfica che doveva a tutti i costi vincere per essere sicuro della qualificazione ai playoff. Playoff gi\u00e0 raggiunti dai bianconeri matematicamente al turno precedente, ma che con questa sconfitta hanno [&hellip;]<\/p>\n","protected":false},"author":18,"featured_media":226903,"comment_status":"closed","ping_status":"closed","sticky":false,"template":"","format":"standard","meta":{"ub_ctt_via":"","_mi_skip_tracking":false},"categories":[446],"tags":[783],"featured_image_src":"https:\/\/www.messinaoggi.it\/website\/wp-content\/uploads\/2025\/01\/20250129_2468.jpg","author_info":{"display_name":"Admin","author_link":"https:\/\/www.messinaoggi.it\/website\/author\/admin\/"},"digistream_id":0,"digistream":false,"_links":{"self":[{"href":"https:\/\/www.messinaoggi.it\/website\/wp-json\/wp\/v2\/posts\/226902"}],"collection":[{"href":"https:\/\/www.messinaoggi.it\/website\/wp-json\/wp\/v2\/posts"}],"about":[{"href":"https:\/\/www.messinaoggi.it\/website\/wp-json\/wp\/v2\/types\/post"}],"author":[{"embeddable":true,"href":"https:\/\/www.messinaoggi.it\/website\/wp-json\/wp\/v2\/users\/18"}],"replies":[{"embeddable":true,"href":"https:\/\/www.messinaoggi.it\/website\/wp-json\/wp\/v2\/comments?post=226902"}],"version-history":[{"count":0,"href":"https:\/\/www.messinaoggi.it\/website\/wp-json\/wp\/v2\/posts\/226902\/revisions"}],"wp:featuredmedia":[{"embeddable":true,"href":"https:\/\/www.messinaoggi.it\/website\/wp-json\/wp\/v2\/media\/226903"}],"wp:attachment":[{"href":"https:\/\/www.messinaoggi.it\/website\/wp-json\/wp\/v2\/media?parent=226902"}],"wp:term":[{"taxonomy":"category","embeddable":true,"href":"https:\/\/www.messinaoggi.it\/website\/wp-json\/wp\/v2\/categories?post=226902"},{"taxonomy":"post_tag","embeddable":true,"href":"https:\/\/www.messinaoggi.it\/website\/wp-json\/wp\/v2\/tags?post=226902"}],"curies":[{"name":"wp","href":"https:\/\/api.w.org\/{rel}","templated":true}]}}