{"id":226840,"date":"2025-01-29T17:05:41","date_gmt":"2025-01-29T16:05:41","guid":{"rendered":"https:\/\/www.messinaoggi.it\/website\/2025\/01\/29\/ranieri-ogni-gara-e-importante-vedremo-dove-arriveremo\/"},"modified":"2025-01-29T17:05:41","modified_gmt":"2025-01-29T16:05:41","slug":"ranieri-ogni-gara-e-importante-vedremo-dove-arriveremo","status":"publish","type":"post","link":"https:\/\/www.messinaoggi.it\/website\/2025\/01\/29\/ranieri-ogni-gara-e-importante-vedremo-dove-arriveremo\/","title":{"rendered":"Ranieri \u201cOgni gara \u00e8 importante, vedremo dove arriveremo\u201d"},"content":{"rendered":"<div>ROMA (ITALPRESS) &#8211; &#8220;Se le coppe sono le competizioni pi\u00f9 importanti per noi? Ogni partita \u00e8 importante proprio per una crescita totale della squadra. Sono arrivato e avevamo paura di che cosa potesse fare la Roma. Ora dobbiamo pensare a fare bene in ogni partita, alla fine vedremo cosa saremo riusciti a fare&#8221;. Lo ha detto il tecnico della Roma, Claudio Ranieri, in conferenza stampa alla vigilia del match contro l&#8217;Eintracht in Europa League, decisivo per il passaggio della fase a girone. Domani i giallorossi avranno pochi difensori centrali di ruolo anche per via della cessione imminente di Mario Hermoso al Bayer Leverkusen: &#8220;Quando sono arrivato era infortunato, poi si \u00e8 messo al pari degli altri. E&#8217; un ragazzo che mi piace molto, \u00e8 grintoso ed \u00e8 arrivato ad un buon stato di forma ma giustamente vuole giocare. Ora preferisce andare via e io voglio solo giocatori contenti di stare a Roma. Lo capisco, un calciatore del genere merita di giocare&#8221;, ha aggiunto l&#8217;allenatore giallorosso. Che poi si sofferma sui rumors circa una cessione di Paredes: &#8220;Tutte le voci su Leandro le sento dalla stampa, non da lui. Ma se non vuole restare, come ho detto per Hermoso, io non trattengo nessuno. Cristante? E&#8217; un giocatore ritrovato e potrebbe, con caratteristiche differenti, sostituire Leandro. Non ha quella verticalit\u00e0, ma ha altre doti. Sono due giocatori complementari e potrebbero anche giocare insieme&#8221;, ha concluso Ranieri. Al suo fianco, in conferenza, un veterano di mille battaglie come Mats Hummels: &#8220;L&#8217;Eintracht \u00e8 una squadra che conosco bene, \u00e8 molto forte e in grado di organizzarsi in campo con diversi automatismi. Alcuni calciatori sono buoni amici, stanno facendo meglio del previsto, ma non sono una sorpresa&#8221;. Per quanto riguarda la Roma, &#8220;stiamo facendo di continuo passi in avanti e abbiamo guadagnato punti anche contro Tottenham, Bologna e Milan &#8211; le parole del centrale tedesco &#8211; Ci sono stati molti arrivi in estate e questo ha influito sulla continuit\u00e0 della squadra. Da quando \u00e8 arrivato il mister (Ranieri, ndr), abbiamo mostrato i segni di un percorso di miglioramento&#8221;. E sul suo momento in Italia: &#8220;Capisco abbastanza il 50% delle domande, ma ancora non mi sento di rispondere in italiano. Capisco e uso per\u00f2 i termini calcistici. Il futuro? Ho 36 anni, ci sono anche questioni da vedere a livello privato e ci vorr\u00e0 un p\u00f2 di tempo prima di prendere una decisione&#8221;, ha concluso Hummels.<br \/>&#8211; Foto Ipa Agency &#8211;<br \/>(ITALPRESS).<\/div>\n<div id=\"div-gpt-ad-Messinaoggi.it-DSK-300x250-corpoart\" style=\"text-align:center;margin:0 auto;\"><\/div><\/p><div id=\"videoincontent\" style=\"clear:both\";><\/div>","protected":false},"excerpt":{"rendered":"<p>ROMA (ITALPRESS) &#8211; &#8220;Se le coppe sono le competizioni pi\u00f9 importanti per noi? Ogni partita \u00e8 importante proprio per una crescita totale della squadra. Sono arrivato e avevamo paura di che cosa potesse fare la Roma. Ora dobbiamo pensare a fare bene in ogni partita, alla fine vedremo cosa saremo riusciti a fare&#8221;. Lo ha [&hellip;]<\/p>\n","protected":false},"author":18,"featured_media":226841,"comment_status":"closed","ping_status":"closed","sticky":false,"template":"","format":"standard","meta":{"ub_ctt_via":"","_mi_skip_tracking":false},"categories":[446],"tags":[783],"featured_image_src":"https:\/\/www.messinaoggi.it\/website\/wp-content\/uploads\/2025\/01\/20250129_0796.jpg","author_info":{"display_name":"Admin","author_link":"https:\/\/www.messinaoggi.it\/website\/author\/admin\/"},"digistream_id":0,"digistream":false,"_links":{"self":[{"href":"https:\/\/www.messinaoggi.it\/website\/wp-json\/wp\/v2\/posts\/226840"}],"collection":[{"href":"https:\/\/www.messinaoggi.it\/website\/wp-json\/wp\/v2\/posts"}],"about":[{"href":"https:\/\/www.messinaoggi.it\/website\/wp-json\/wp\/v2\/types\/post"}],"author":[{"embeddable":true,"href":"https:\/\/www.messinaoggi.it\/website\/wp-json\/wp\/v2\/users\/18"}],"replies":[{"embeddable":true,"href":"https:\/\/www.messinaoggi.it\/website\/wp-json\/wp\/v2\/comments?post=226840"}],"version-history":[{"count":0,"href":"https:\/\/www.messinaoggi.it\/website\/wp-json\/wp\/v2\/posts\/226840\/revisions"}],"wp:featuredmedia":[{"embeddable":true,"href":"https:\/\/www.messinaoggi.it\/website\/wp-json\/wp\/v2\/media\/226841"}],"wp:attachment":[{"href":"https:\/\/www.messinaoggi.it\/website\/wp-json\/wp\/v2\/media?parent=226840"}],"wp:term":[{"taxonomy":"category","embeddable":true,"href":"https:\/\/www.messinaoggi.it\/website\/wp-json\/wp\/v2\/categories?post=226840"},{"taxonomy":"post_tag","embeddable":true,"href":"https:\/\/www.messinaoggi.it\/website\/wp-json\/wp\/v2\/tags?post=226840"}],"curies":[{"name":"wp","href":"https:\/\/api.w.org\/{rel}","templated":true}]}}