{"id":226822,"date":"2025-01-29T15:05:38","date_gmt":"2025-01-29T14:05:38","guid":{"rendered":"https:\/\/www.messinaoggi.it\/website\/2025\/01\/29\/mattarella-ai-tennisti-azzurri-siete-stati-eccezionali\/"},"modified":"2025-01-29T15:05:38","modified_gmt":"2025-01-29T14:05:38","slug":"mattarella-ai-tennisti-azzurri-siete-stati-eccezionali","status":"publish","type":"post","link":"https:\/\/www.messinaoggi.it\/website\/2025\/01\/29\/mattarella-ai-tennisti-azzurri-siete-stati-eccezionali\/","title":{"rendered":"Mattarella ai tennisti azzurri \u201cSiete stati eccezionali\u201d"},"content":{"rendered":"<div>ROMA (ITALPRESS) &#8211; &#8220;Sono veramente lieto, benvenuti al Quirinale. E&#8217; stata una stagione straordinaria con la vittoria Davis vinta per il secondo anno consecutivo. La coppa \u00e8 a tre piani, quindi ci aspettiamo una terza vittoria, ma non \u00e8 indispensabile subito&#8230;&#8221;. Lo ha dichiarato con un sorriso il presidente della Repubblica Sergio Mattarella rivolgendosi al presidente della Federtennis Angelo Binaghi nel suo intervento in occasione della celebrazione delle nazionali italiane di tennis femminile e maschile vincitrici del BJK Cup e della Coppa Davis. &#8220;Quest&#8217;anno la Davis \u00e8 felicemente accompagnata dalla coppa femminile, un successo straordinario &#8211; ha proseguito il Capo dello Stato &#8211; Ho seguito entrambi gli eventi in modo attento e costante, complimenti davvero. Sono due successi straordinari, ma non unici: le Olimpiadi sono state un momento eccezionale con l&#8217;oro di Sara Errani e Jasmine Paolini nel doppio e il bronzo di Lorenzo Musetti nel singolo. E questo nuovo anno \u00e8 iniziato bene con la vittoria di Sinner all&#8217;Australian Open, la seconda consecutiva. Complimenti&#8221;. &#8220;Siete stati eccezionali &#8211; ha dichiarato Mattarella rivolgendosi agli atleti &#8211; avete posto il tennis italiano ai vertici mondiali e al maggiore livello di popolarit\u00e0 e pratica nel nostro Paese: questo fa ben sperare per il futuro e per le nuove leve. Mai avremo sperato di arrivare a questi risultati: per questo voglio ringraziarvi singolarmente. Mi auguro che questa abitudine si ripeta nel tempo&#8221;. &#8220;Grazie signor presidente. Siamo orgogliosi di celebrare insieme l&#8217;Italia che vince, che trasmette messaggi positivi, che onora la nostra bandiera e fa suonare nel mondo l&#8217;Inno di Mameli &#8211; ha dichiarato il presidente del Coni Giovanni Malag\u00f2. &#8220;Stavolta non abbiamo solo i Fratelli d&#8217;Italia ma anche le Sorelle d&#8217;Italia. Siamo orgogliosi di celebrare una fantastica e inedita doppietta ottenuta dal tennis italiano &#8211; ha proseguito il numero uno dello sport azzurro &#8211; L&#8217;Italia \u00e8 ormai diventata una nazione leader in questo sport. Bisogna fare i complimenti alla federazione e al presidente Binaghi&#8221;. &#8220;Queste vittorie sono ancora pi\u00f9 importanti, lo sono perch\u00e8 il tennis \u00e8 pi\u00f9 importante, popolare e praticato di prima. Con i nostri dirigenti abbiamo le idee chiare, pensiamo di poter far crescere il tennis italiano ed \u00e8 il nostro contributo per un paese migliore &#8211; le parole del presidente della Fitp, Angelo Binaghi, che poi si \u00e8 rivolto a Mattarella &#8211; Ci manca un unico grande sogno, a maggio assieme a Sport e Salute organizzeremo una memorabile edizione degli Internazionali d&#8217;Italia. Sarebbe bellissimo vivere questa grande emozione accanto a lei&#8221;. &#8220;E&#8217; un onore e privilegio essere al Quirinale ed \u00e8 un orgoglio essere qui insieme all&#8217;Italia del tennis maschile. Abbiamo condiviso traguardi straordinari, ed \u00e8 un momento storico per il nostro sport. Questi successi sono la testimonianza di cosa si pu\u00f2 ottenere con passione e perseveranza: questo ci ha insegnato il tennis e noi promettiamo di dare tutto. E&#8217; un giorno che porteremo sempre nel cuore&#8221;, ha assicurato Jasmine Paolini. &#8220;Per me \u00e8 un&#8217;emozione grandissima, l&#8217;anno scorso ero qui in una veste leggermente diversa e grazie a questi ragazzi e ragazze ho preso l&#8217;ispirazione per tornare e portare a casa questa grande coppa &#8211; ha osservato Matteo Berrettini &#8211; Sono tante le emozioni che mi frullano nella testa ma la pi\u00f9 grande \u00e8 la felicit\u00e0. E&#8217; lo sport che ho sempre amato e grazie alla famiglia sono uscito da un momento difficile di infortuni. La cosa pi\u00f9 importante \u00e8 portare gioia ed emozione nelle case delle persone che guardano il tennis. La Davis \u00e8 una competizione lunga, ma abbiamo la fortuna di avere una squadra molto competitiva, in particolare c&#8217;\u00e8 un ragazzo altoatesino che ci ha aiutato un pochino&#8230;&#8221;, ha concluso scherzando il tennista romano, riferendosi a Jannik Sinner, oggi assente dopo gli sforzi per il trionfo bis agli Australian Open.<br \/>&#8211; Foto Image &#8211;<br \/>(ITALPRESS).<\/div>\n<div id=\"div-gpt-ad-Messinaoggi.it-DSK-300x250-corpoart\" style=\"text-align:center;margin:0 auto;\"><\/div><\/p><div id=\"videoincontent\" style=\"clear:both\";><\/div>","protected":false},"excerpt":{"rendered":"<p>ROMA (ITALPRESS) &#8211; &#8220;Sono veramente lieto, benvenuti al Quirinale. E&#8217; stata una stagione straordinaria con la vittoria Davis vinta per il secondo anno consecutivo. La coppa \u00e8 a tre piani, quindi ci aspettiamo una terza vittoria, ma non \u00e8 indispensabile subito&#8230;&#8221;. Lo ha dichiarato con un sorriso il presidente della Repubblica Sergio Mattarella rivolgendosi al [&hellip;]<\/p>\n","protected":false},"author":18,"featured_media":226823,"comment_status":"closed","ping_status":"closed","sticky":false,"template":"","format":"standard","meta":{"ub_ctt_via":"","_mi_skip_tracking":false},"categories":[446],"tags":[783],"featured_image_src":"https:\/\/www.messinaoggi.it\/website\/wp-content\/uploads\/2025\/01\/20250129_0373.jpg","author_info":{"display_name":"Admin","author_link":"https:\/\/www.messinaoggi.it\/website\/author\/admin\/"},"digistream_id":0,"digistream":false,"_links":{"self":[{"href":"https:\/\/www.messinaoggi.it\/website\/wp-json\/wp\/v2\/posts\/226822"}],"collection":[{"href":"https:\/\/www.messinaoggi.it\/website\/wp-json\/wp\/v2\/posts"}],"about":[{"href":"https:\/\/www.messinaoggi.it\/website\/wp-json\/wp\/v2\/types\/post"}],"author":[{"embeddable":true,"href":"https:\/\/www.messinaoggi.it\/website\/wp-json\/wp\/v2\/users\/18"}],"replies":[{"embeddable":true,"href":"https:\/\/www.messinaoggi.it\/website\/wp-json\/wp\/v2\/comments?post=226822"}],"version-history":[{"count":0,"href":"https:\/\/www.messinaoggi.it\/website\/wp-json\/wp\/v2\/posts\/226822\/revisions"}],"wp:featuredmedia":[{"embeddable":true,"href":"https:\/\/www.messinaoggi.it\/website\/wp-json\/wp\/v2\/media\/226823"}],"wp:attachment":[{"href":"https:\/\/www.messinaoggi.it\/website\/wp-json\/wp\/v2\/media?parent=226822"}],"wp:term":[{"taxonomy":"category","embeddable":true,"href":"https:\/\/www.messinaoggi.it\/website\/wp-json\/wp\/v2\/categories?post=226822"},{"taxonomy":"post_tag","embeddable":true,"href":"https:\/\/www.messinaoggi.it\/website\/wp-json\/wp\/v2\/tags?post=226822"}],"curies":[{"name":"wp","href":"https:\/\/api.w.org\/{rel}","templated":true}]}}