{"id":226606,"date":"2025-01-28T09:19:00","date_gmt":"2025-01-28T08:19:00","guid":{"rendered":"http:\/\/www.messinaoggi.it\/website\/?p=226606"},"modified":"2025-01-28T09:19:00","modified_gmt":"2025-01-28T08:19:00","slug":"sanita-la-rivoluzione-dellasp-di-messina","status":"publish","type":"post","link":"https:\/\/www.messinaoggi.it\/website\/2025\/01\/28\/sanita-la-rivoluzione-dellasp-di-messina\/","title":{"rendered":"Sanit\u00e0, la rivoluzione dell&#8217;Asp di Messina"},"content":{"rendered":"\n<p>Si  terr\u00e0 giorno 30\u00a0Gennaio\u00a0alle 10.30, la conferenza stampa dell\u2019Azienda Sanitaria Provinciale di Messina, a Palazzo Geraci, al terzo piano, nella sala riunioni, per presentare le proposte progettuali nell\u2019ambito dei finanziamenti PR FESR 2021\/2027, azioni 4.51 e 4.5.2, al fine di migliorare e promuovere la salute e pi\u00f9 in generale rafforzare il sistema sanitario provinciale. Il totale complessivo del finanziamento \u00e8 di \u20ac.\u00a0<a rel=\"noreferrer noopener\" href=\"30.044.023,90\" target=\"_blank\">30.044.023,90<\/a>\u00a0di euro. Alla conferenza saranno presenti tutti i componenti della Direzione Strategica dell\u2019Asp, il direttore generale Giuseppe Cucc\u00ec, il direttore amministrativo Giancarlo Niutta e il direttore sanitario Giuseppe Ranieri Trimarchi. Questi fondi verranno utilizzati perch\u00e9 si \u00e8 ravvisata la necessit\u00e0 di migliorare ed integrare gli strumenti e i servizi digitali, migliorare l\u2019accesso all\u2019assistenza sanitaria e pi\u00f9 in generale fornire gli strumenti necessari per affrontare le sfide sanitarie a lungo termine, creando sistemi sanitari pi\u00f9 forti, pi\u00f9 resilienti e pi\u00f9 accessibili, in linea con uno dei principi dell\u2019UE secondo cui la salute pubblica \u00e8 una priorit\u00e0 indiscussa. Richiesti sulla prima linea di finanziamento dei fondi PR FESR un totale di\u00a0<a rel=\"noreferrer noopener\" href=\"22.361.203,90\" target=\"_blank\">22.361.203,90<\/a>\u00a0euro, che potranno essere utilizzati per i seguenti i lavori: la realizzazione di un parcheggio con annessa elisuperficie a servizio del Presidio territoriale di Taormina; la fornitura di servizi per l\u2019attuazione del progetto di Equit\u00e0 dell\u2019Assistenza nelle cure primarie; i lavori di demolizione e ricostruzione e di parziale recupero conservativo dell\u2019ex P.O. Vaccarella, sito in Milazzo, a sede di Direzione strategica e attivit\u00e0 formative; i lavori di ristrutturazione di un\u2019immobile sito a Lipari in via Professore Carnevale, da adibire a foresteria; i lavori di miglioramento sismico presso il Distretto Sanitario di Sant\u2019Agata di M.llo, in via\u00a0 Catania, e i lavori di miglioramento sismico presso il Distretto Sanitario ex Inam di Patti, in via Cattaneo. Con la seconda linea di finanziamento, sono stati richiesti\u00a0\u20ac.\u00a0<a rel=\"noreferrer noopener\" href=\"7.300.000,00\" target=\"_blank\">7.300.000,00<\/a>\u00a0euro, per\u00a0il potenziamento della rete ospedaliera regionale e la digitalizzazione. Tra i lavori che verranno eseguiti un Dea virtuale, con la costruzione di una rete di teleconsulto\/televisita in emergenza-urgenza mediante il supporto dei dipartimenti emergenza accettazione aziendali di primo livello; i lavori di ristrutturazione del blocco operatorio, posto al piano secondo del P.O. di Milazzo e quelli del reparto di Malattie Infettive del P.O. di Barcellona P.G.\u00a0La Direzione Strategica, che durante la conferenza stampa illustrer\u00e0 nel dettaglio ogni finanziamento, \u201c\u00e8 fortemente impegnata nel perseguire l\u2019efficienza e l\u2019eccellenza nei servizi sanitari offerti alla comunit\u00e0, promuovendo una vera e propria rivoluzione sanitaria e culturale che mira a trasformare radicalmente l&#8217;approccio alle cure e alla salute. Una rivoluzione che si fonda anche sulla necessit\u00e0 di coinvolgere attivamente i cittadini, rendendoli protagonisti del loro percorso di salute e benessere\u201d.<div id=\"div-gpt-ad-Messinaoggi.it-DSK-300x250-corpoart\" style=\"text-align:center;margin:0 auto;\"><\/div><\/p>\n<div id=\"videoincontent\" style=\"clear:both\";><\/div>","protected":false},"excerpt":{"rendered":"<p>Si terr\u00e0 giorno 30\u00a0Gennaio\u00a0alle 10.30, la conferenza stampa dell\u2019Azienda Sanitaria Provinciale di Messina, a Palazzo Geraci, al terzo piano, nella sala riunioni, per presentare le proposte progettuali nell\u2019ambito dei finanziamenti PR FESR 2021\/2027, azioni 4.51 e 4.5.2, al fine di migliorare e promuovere la salute e pi\u00f9 in generale rafforzare il sistema sanitario provinciale. Il [&hellip;]<\/p>\n","protected":false},"author":2,"featured_media":186745,"comment_status":"open","ping_status":"open","sticky":false,"template":"","format":"standard","meta":{"ub_ctt_via":"","_mi_skip_tracking":false},"categories":[19],"tags":[1683,113],"featured_image_src":"https:\/\/www.messinaoggi.it\/website\/wp-content\/uploads\/2024\/02\/IMG-20240209-WA0002.jpg","author_info":{"display_name":"Redazione","author_link":"https:\/\/www.messinaoggi.it\/website\/author\/redazione\/"},"digistream_id":0,"digistream":false,"_links":{"self":[{"href":"https:\/\/www.messinaoggi.it\/website\/wp-json\/wp\/v2\/posts\/226606"}],"collection":[{"href":"https:\/\/www.messinaoggi.it\/website\/wp-json\/wp\/v2\/posts"}],"about":[{"href":"https:\/\/www.messinaoggi.it\/website\/wp-json\/wp\/v2\/types\/post"}],"author":[{"embeddable":true,"href":"https:\/\/www.messinaoggi.it\/website\/wp-json\/wp\/v2\/users\/2"}],"replies":[{"embeddable":true,"href":"https:\/\/www.messinaoggi.it\/website\/wp-json\/wp\/v2\/comments?post=226606"}],"version-history":[{"count":1,"href":"https:\/\/www.messinaoggi.it\/website\/wp-json\/wp\/v2\/posts\/226606\/revisions"}],"predecessor-version":[{"id":226607,"href":"https:\/\/www.messinaoggi.it\/website\/wp-json\/wp\/v2\/posts\/226606\/revisions\/226607"}],"wp:featuredmedia":[{"embeddable":true,"href":"https:\/\/www.messinaoggi.it\/website\/wp-json\/wp\/v2\/media\/186745"}],"wp:attachment":[{"href":"https:\/\/www.messinaoggi.it\/website\/wp-json\/wp\/v2\/media?parent=226606"}],"wp:term":[{"taxonomy":"category","embeddable":true,"href":"https:\/\/www.messinaoggi.it\/website\/wp-json\/wp\/v2\/categories?post=226606"},{"taxonomy":"post_tag","embeddable":true,"href":"https:\/\/www.messinaoggi.it\/website\/wp-json\/wp\/v2\/tags?post=226606"}],"curies":[{"name":"wp","href":"https:\/\/api.w.org\/{rel}","templated":true}]}}