{"id":226531,"date":"2025-01-27T14:05:41","date_gmt":"2025-01-27T13:05:41","guid":{"rendered":"https:\/\/www.messinaoggi.it\/website\/2025\/01\/27\/bielorussia-lukashenko-rieletto-presidente-per-il-settimo-mandato\/"},"modified":"2025-01-27T14:05:41","modified_gmt":"2025-01-27T13:05:41","slug":"bielorussia-lukashenko-rieletto-presidente-per-il-settimo-mandato","status":"publish","type":"post","link":"https:\/\/www.messinaoggi.it\/website\/2025\/01\/27\/bielorussia-lukashenko-rieletto-presidente-per-il-settimo-mandato\/","title":{"rendered":"Bielorussia, Lukashenko rieletto presidente per il settimo mandato"},"content":{"rendered":"<div>MINSK (BIELORUSSIA) (ITALPRESS) &#8211; Aleksandr Lukashenko \u00e8 stato rieletto presidente della Bielorussia con l&#8217;86,8% dei voti. Si tratta del suo settimo mandato. Mercoled\u00ec scorso, in una risoluzione, il Parlamento Europeo ha chiesto all&#8217;Unione Europea di non riconoscere la legittimit\u00e0 delle elezioni presidenziali in Bielorussia per &#8220;le gravi violazioni in corso e di lunga data dei diritti umani e dei principi democratici&#8221;.<div id=\"div-gpt-ad-Messinaoggi.it-DSK-300x250-corpoart\" style=\"text-align:center;margin:0 auto;\"><\/div><\/p>\n<p>Con Lukashenko si \u00e8 congratulato il presidente russo Vladimir Putin.<div id=\"videoincontent\" style=\"clear:both\";><\/div><\/p>\n<p>&#8220;Le regolari elezioni presidenziali in Bielorussia si sono concluse in un&#8217;atmosfera serena e di lavoro&#8221;. Cos\u00ec l&#8217;Ambasciata della Repubblica di Belarus in Italia in una nota pubblicata sulla propria pagina Facebook.<\/p>\n<p>&#8220;La Commissione elettorale centrale della Repubblica di Belarus &#8211; informa ancora l&#8217;Ambasciata bielorussa a Roma &#8211; ha accreditato 486 osservatori internazionali provenienti da 52 Paesi per monitorare le elezioni&#8221; e &#8220;il Presidente in carica della Repubblica di Belarus, Aleksandr Lukashenko, ha vinto le elezioni con 5.136.293 voti, pari a oltre l&#8217;86% dei voti espressi&#8221;.<\/p>\n<p>La pagina Facebook dell&#8217;Ambasciata bielorussa informa ancora che &#8220;i leader di diversi Paesi, tra cui Azerbaigian, Cina, Kazakistan, Russia, Tagikistan e Uzbekistan si sono gi\u00e0 congratulati con A.Lukashenko per la sua vittoria alle elezioni&#8221;.<\/p>\n<p>&#8211; Foto IPA Agency &#8211;<\/p>\n<p>(ITALPRESS).<\/p><\/div>\n","protected":false},"excerpt":{"rendered":"<p>MINSK (BIELORUSSIA) (ITALPRESS) &#8211; Aleksandr Lukashenko \u00e8 stato rieletto presidente della Bielorussia con l&#8217;86,8% dei voti. Si tratta del suo settimo mandato. Mercoled\u00ec scorso, in una risoluzione, il Parlamento Europeo ha chiesto all&#8217;Unione Europea di non riconoscere la legittimit\u00e0 delle elezioni presidenziali in Bielorussia per &#8220;le gravi violazioni in corso e di lunga data dei [&hellip;]<\/p>\n","protected":false},"author":18,"featured_media":226532,"comment_status":"closed","ping_status":"closed","sticky":false,"template":"","format":"standard","meta":{"ub_ctt_via":"","_mi_skip_tracking":false},"categories":[446],"tags":[783],"featured_image_src":"https:\/\/www.messinaoggi.it\/website\/wp-content\/uploads\/2025\/01\/20250127_0672.jpg","author_info":{"display_name":"Admin","author_link":"https:\/\/www.messinaoggi.it\/website\/author\/admin\/"},"digistream_id":0,"digistream":false,"_links":{"self":[{"href":"https:\/\/www.messinaoggi.it\/website\/wp-json\/wp\/v2\/posts\/226531"}],"collection":[{"href":"https:\/\/www.messinaoggi.it\/website\/wp-json\/wp\/v2\/posts"}],"about":[{"href":"https:\/\/www.messinaoggi.it\/website\/wp-json\/wp\/v2\/types\/post"}],"author":[{"embeddable":true,"href":"https:\/\/www.messinaoggi.it\/website\/wp-json\/wp\/v2\/users\/18"}],"replies":[{"embeddable":true,"href":"https:\/\/www.messinaoggi.it\/website\/wp-json\/wp\/v2\/comments?post=226531"}],"version-history":[{"count":0,"href":"https:\/\/www.messinaoggi.it\/website\/wp-json\/wp\/v2\/posts\/226531\/revisions"}],"wp:featuredmedia":[{"embeddable":true,"href":"https:\/\/www.messinaoggi.it\/website\/wp-json\/wp\/v2\/media\/226532"}],"wp:attachment":[{"href":"https:\/\/www.messinaoggi.it\/website\/wp-json\/wp\/v2\/media?parent=226531"}],"wp:term":[{"taxonomy":"category","embeddable":true,"href":"https:\/\/www.messinaoggi.it\/website\/wp-json\/wp\/v2\/categories?post=226531"},{"taxonomy":"post_tag","embeddable":true,"href":"https:\/\/www.messinaoggi.it\/website\/wp-json\/wp\/v2\/tags?post=226531"}],"curies":[{"name":"wp","href":"https:\/\/api.w.org\/{rel}","templated":true}]}}