{"id":226517,"date":"2025-01-27T12:05:43","date_gmt":"2025-01-27T11:05:43","guid":{"rendered":"https:\/\/www.messinaoggi.it\/website\/2025\/01\/27\/shoah-meloni-combattere-lantisemitismo-e-una-priorita-del-governo\/"},"modified":"2025-01-27T12:05:43","modified_gmt":"2025-01-27T11:05:43","slug":"shoah-meloni-combattere-lantisemitismo-e-una-priorita-del-governo","status":"publish","type":"post","link":"https:\/\/www.messinaoggi.it\/website\/2025\/01\/27\/shoah-meloni-combattere-lantisemitismo-e-una-priorita-del-governo\/","title":{"rendered":"Shoah, Meloni \u201cCombattere l\u2019antisemitismo \u00e8 una priorit\u00e0 del Governo\u201d"},"content":{"rendered":"<div>ROMA (ITALPRESS) &#8211; &#8220;Ottant&#8217;anni fa l&#8217;orrore dello Shoah si \u00e8 mostrato al mondo in tutta la sua terrificante forza. Il 27 gennaio 1945 i cancelli di Auschwitz sono stati abbattuti, e insieme ad essi \u00e8 crollato anche quel muro che impediva di vedere chiaramente l&#8217;abominio del piano nazista di persecuzione e di sterminio del popolo ebraico&#8221;. Lo afferma in una nota il presidente del Consiglio, Giorgia Meloni, in occasione del Giorno della Memoria e dell&#8217;80\u00b0 anniversario della liberazione di Auschwitz.<br \/>&#8220;Uomini, donne, bambini e anziani strappati dalle loro case, costretti a lasciare tutto, portati nei campi di sterminio e uccisi solo perch\u00e8 di religione ebraica. Un piano la cui premeditata ferocia fa della Shoah una tragedia che non ha paragoni nella storia &#8211; prosegue Meloni -. Un piano, quello condotto dal regime hitleriano, che in Italia trov\u00f2 anche la complicit\u00e0 di quello fascista, attraverso l&#8217;infamia delle leggi razziali e il coinvolgimento nei rastrellamenti e nelle deportazioni&#8221;.<br \/>&#8220;Un abisso a cui si contrappose il coraggio di tanti Giusti, che non esitarono a disobbedire e a rischiare la propria stessa vita per salvare quella di migliaia di innocenti. Oggi celebriamo il Giorno della Memoria della Shoah, ricordiamo i nomi e i cognomi delle vittime e rinnoviamo la memoria di quei fatti, anche attraverso la testimonianza dei sopravvissuti e dei loro discendenti &#8211; afferma ancora il premier -. Testimoni viventi di una pagina orribile del nostro passato, ai quali rendiamo ancora una volta il nostro ringraziamento. Perch\u00e8, se oggi conosciamo ci\u00f2 che \u00e8 accaduto, lo dobbiamo soprattutto a loro. &#8220;Sono vivo affinch\u00e8 possa testimoniare. C&#8217;era un disegno pi\u00f9 grande per me, e andr\u00f2 avanti a ricordare fin che vivr\u00f2&#8221;, ha detto Sami Modiano. E&#8217; un insegnamento straordinario, che dobbiamo far nostro per coltivare la memoria e accrescerne, sempre di pi\u00f9, la consapevolezza nelle giovani generazioni. L&#8217;antisemitismo non \u00e8 stato sconfitto con l&#8217;abbattimento dei cancelli di Auschwitz. E&#8217; una piaga che \u00e8 sopravvissuta alla Shoah, ha assunto declinazioni diverse e si propaga attraverso strumenti e canali nuovi. Combattere l&#8217;antisemitismo, in tutte le forme in cui si manifesta, antiche e moderne, \u00e8 una priorit\u00e0 di questo Governo &#8211; conclude Meloni -. Impegno mai venuto meno e che intendiamo portare avanti con forza e determinazione, anche attraverso l&#8217;elaborazione della nuova Strategia nazionale per la lotta all&#8217;antisemitismo, un documento articolato e di scenario che fissa obiettivi e azioni concrete per contrastare un fenomeno abietto che non ha diritto di cittadinanza nelle nostre societ\u00e0&#8221;.<div id=\"div-gpt-ad-Messinaoggi.it-DSK-300x250-corpoart\" style=\"text-align:center;margin:0 auto;\"><\/div><\/p>\n<p>&#8211; Foto Agenzia Fotogramma &#8211;<div id=\"videoincontent\" style=\"clear:both\";><\/div><\/p>\n<p>(ITALPRESS).<\/p><\/div>\n","protected":false},"excerpt":{"rendered":"<p>ROMA (ITALPRESS) &#8211; &#8220;Ottant&#8217;anni fa l&#8217;orrore dello Shoah si \u00e8 mostrato al mondo in tutta la sua terrificante forza. Il 27 gennaio 1945 i cancelli di Auschwitz sono stati abbattuti, e insieme ad essi \u00e8 crollato anche quel muro che impediva di vedere chiaramente l&#8217;abominio del piano nazista di persecuzione e di sterminio del popolo [&hellip;]<\/p>\n","protected":false},"author":18,"featured_media":226518,"comment_status":"closed","ping_status":"closed","sticky":false,"template":"","format":"standard","meta":{"ub_ctt_via":"","_mi_skip_tracking":false},"categories":[446],"tags":[783],"featured_image_src":"https:\/\/www.messinaoggi.it\/website\/wp-content\/uploads\/2025\/01\/20250127_0385.jpg","author_info":{"display_name":"Admin","author_link":"https:\/\/www.messinaoggi.it\/website\/author\/admin\/"},"digistream_id":0,"digistream":false,"_links":{"self":[{"href":"https:\/\/www.messinaoggi.it\/website\/wp-json\/wp\/v2\/posts\/226517"}],"collection":[{"href":"https:\/\/www.messinaoggi.it\/website\/wp-json\/wp\/v2\/posts"}],"about":[{"href":"https:\/\/www.messinaoggi.it\/website\/wp-json\/wp\/v2\/types\/post"}],"author":[{"embeddable":true,"href":"https:\/\/www.messinaoggi.it\/website\/wp-json\/wp\/v2\/users\/18"}],"replies":[{"embeddable":true,"href":"https:\/\/www.messinaoggi.it\/website\/wp-json\/wp\/v2\/comments?post=226517"}],"version-history":[{"count":0,"href":"https:\/\/www.messinaoggi.it\/website\/wp-json\/wp\/v2\/posts\/226517\/revisions"}],"wp:featuredmedia":[{"embeddable":true,"href":"https:\/\/www.messinaoggi.it\/website\/wp-json\/wp\/v2\/media\/226518"}],"wp:attachment":[{"href":"https:\/\/www.messinaoggi.it\/website\/wp-json\/wp\/v2\/media?parent=226517"}],"wp:term":[{"taxonomy":"category","embeddable":true,"href":"https:\/\/www.messinaoggi.it\/website\/wp-json\/wp\/v2\/categories?post=226517"},{"taxonomy":"post_tag","embeddable":true,"href":"https:\/\/www.messinaoggi.it\/website\/wp-json\/wp\/v2\/tags?post=226517"}],"curies":[{"name":"wp","href":"https:\/\/api.w.org\/{rel}","templated":true}]}}