{"id":226515,"date":"2025-01-27T12:05:42","date_gmt":"2025-01-27T11:05:42","guid":{"rendered":"https:\/\/www.messinaoggi.it\/website\/2025\/01\/27\/salvini-clima-politico-insulta-il-fondamento-del-giorno-della-memoria\/"},"modified":"2025-01-27T12:05:42","modified_gmt":"2025-01-27T11:05:42","slug":"salvini-clima-politico-insulta-il-fondamento-del-giorno-della-memoria","status":"publish","type":"post","link":"https:\/\/www.messinaoggi.it\/website\/2025\/01\/27\/salvini-clima-politico-insulta-il-fondamento-del-giorno-della-memoria\/","title":{"rendered":"Salvini \u201cClima politico insulta il fondamento del Giorno della Memoria\u201d"},"content":{"rendered":"<div>ROMA (ITALPRESS) &#8211; &#8220;Oggi il Giorno della Memoria rischia purtroppo di perdere il suo fondamentale significato davanti a un clima politico generale che ne insulta il fondamento. Come ha detto il presidente della Comunit\u00e0 ebraica di Milano, \u00e8 vergognoso che la senatrice Liliana Segre, sopravvissuta ai campi di sterminio, debba andare in giro con la scorta temendo per la propria sicurezza. E&#8217; insopportabile che l&#8217;ANPI abbia chiamato alla mobilitazione contro Israele. E&#8217; terribile che studenti dell&#8217;Universit\u00e0 di Roma abbiano dovuto denunciare il pericolo che corrono, se non tengono nascosta la loro identit\u00e0 e la propria cultura&#8221;. Lo scrive su X il vicepremier e ministro delle Infrastrutture e dei Trasporti, Matteo Salvini.<br \/>&#8220;Ormai da quando il mondo ha dovuto assistere all&#8217;attacco bestiale di Hamas ai kibbutz e al concerto di Nova, in cui la crudelt\u00e0 di 1.200 assassini \u00e8 stata perpetrata in nome di un antisemitismo genocida pari a quello del nazismo, si \u00e8 assistito a un&#8217;ondata di antisemitismo senza pari dalla fine della seconda guerra mondiale &#8211; aggiunge Salvini -. La caccia all&#8217;ebreo per le strade di Amsterdam, le manifestazioni davanti alle sinagoghe, le persecuzioni di studenti ebrei nelle universit\u00e0, l&#8217;espulsione degli israeliani da eventi artistici e scientifici non pu\u00f2 lasciarci indifferenti in questo 27 gennaio. Siamo di nuovo di fronte al mostro antisemita. Nella critica a Israele si \u00e8 trovata la giustificazione per i peggiori sentimenti antiebraici, e le istituzioni ancora non hanno trovato una strada per contrastare questa realt\u00e0 per me ripugnante&#8221;.<br \/>&#8220;Le istituzioni, tutte, devono individuare e punire chi discrimina, incita, pratica la minaccia, la violenza e il terrorismo contro gli Ebrei. Proprio per questo, lo scorso gennaio la Lega ha presentato (grazie all&#8217;aiuto dell&#8217;Unione Associazioni Italia-Israele) un disegno di legge per adottare concretamente in Italia le misure contro l&#8217;antisemitismo e la sua definizione in tutte le sue forme, come prevede la IHRA (International Holocaust Remembrance Alliance) &#8211; conclude Salvini -. Oggi, nel dire &#8220;never again&#8221;, l&#8217;intenzione deve essere questa: aggiornare le regole di convivenza civile e adattarle a questa nuova realt\u00e0, con severit\u00e0 e buonsenso, perch\u00e8 mai pi\u00f9 nel nostro Paese si affacci un odio che \u00e8 gi\u00e0 costato nei secoli troppe vite&#8221;.<div id=\"div-gpt-ad-Messinaoggi.it-DSK-300x250-corpoart\" style=\"text-align:center;margin:0 auto;\"><\/div><\/p>\n<p>&#8211; Foto Agenzia Fotogramma &#8211;<div id=\"videoincontent\" style=\"clear:both\";><\/div><\/p>\n<p>(ITALPRESS).<\/p><\/div>\n","protected":false},"excerpt":{"rendered":"<p>ROMA (ITALPRESS) &#8211; &#8220;Oggi il Giorno della Memoria rischia purtroppo di perdere il suo fondamentale significato davanti a un clima politico generale che ne insulta il fondamento. Come ha detto il presidente della Comunit\u00e0 ebraica di Milano, \u00e8 vergognoso che la senatrice Liliana Segre, sopravvissuta ai campi di sterminio, debba andare in giro con la [&hellip;]<\/p>\n","protected":false},"author":18,"featured_media":226516,"comment_status":"closed","ping_status":"closed","sticky":false,"template":"","format":"standard","meta":{"ub_ctt_via":"","_mi_skip_tracking":false},"categories":[446],"tags":[783],"featured_image_src":"https:\/\/www.messinaoggi.it\/website\/wp-content\/uploads\/2025\/01\/20250127_0317.jpg","author_info":{"display_name":"Admin","author_link":"https:\/\/www.messinaoggi.it\/website\/author\/admin\/"},"digistream_id":0,"digistream":false,"_links":{"self":[{"href":"https:\/\/www.messinaoggi.it\/website\/wp-json\/wp\/v2\/posts\/226515"}],"collection":[{"href":"https:\/\/www.messinaoggi.it\/website\/wp-json\/wp\/v2\/posts"}],"about":[{"href":"https:\/\/www.messinaoggi.it\/website\/wp-json\/wp\/v2\/types\/post"}],"author":[{"embeddable":true,"href":"https:\/\/www.messinaoggi.it\/website\/wp-json\/wp\/v2\/users\/18"}],"replies":[{"embeddable":true,"href":"https:\/\/www.messinaoggi.it\/website\/wp-json\/wp\/v2\/comments?post=226515"}],"version-history":[{"count":0,"href":"https:\/\/www.messinaoggi.it\/website\/wp-json\/wp\/v2\/posts\/226515\/revisions"}],"wp:featuredmedia":[{"embeddable":true,"href":"https:\/\/www.messinaoggi.it\/website\/wp-json\/wp\/v2\/media\/226516"}],"wp:attachment":[{"href":"https:\/\/www.messinaoggi.it\/website\/wp-json\/wp\/v2\/media?parent=226515"}],"wp:term":[{"taxonomy":"category","embeddable":true,"href":"https:\/\/www.messinaoggi.it\/website\/wp-json\/wp\/v2\/categories?post=226515"},{"taxonomy":"post_tag","embeddable":true,"href":"https:\/\/www.messinaoggi.it\/website\/wp-json\/wp\/v2\/tags?post=226515"}],"curies":[{"name":"wp","href":"https:\/\/api.w.org\/{rel}","templated":true}]}}