{"id":226507,"date":"2025-01-27T10:05:38","date_gmt":"2025-01-27T09:05:38","guid":{"rendered":"https:\/\/www.messinaoggi.it\/website\/2025\/01\/27\/dazi-meloni-uno-scontro-con-gli-stati-uniti-non-conviene-a-nessuno\/"},"modified":"2025-01-27T10:05:38","modified_gmt":"2025-01-27T09:05:38","slug":"dazi-meloni-uno-scontro-con-gli-stati-uniti-non-conviene-a-nessuno","status":"publish","type":"post","link":"https:\/\/www.messinaoggi.it\/website\/2025\/01\/27\/dazi-meloni-uno-scontro-con-gli-stati-uniti-non-conviene-a-nessuno\/","title":{"rendered":"Dazi, Meloni \u201cUno scontro con gli Stati Uniti non conviene a nessuno\u201d"},"content":{"rendered":"<div>ROMA (ITALPRESS) &#8211; &#8220;La questione del surplus commerciale non nasce con la presidenza Trump, \u00e8 un tema che le amministrazioni americane hanno posto spesso. Nel 2023 tra Europa e Stati Uniti, nel commercio di beni, c&#8217;era un surplus a favore dell&#8217;Europa di oltre 150 miliardi: \u00e8 un dato importante e comprendo il punto di vista degli Stati Uniti, \u00e8 la stessa questione che noi poniamo nei confronti della Cina&#8221; ma &#8220;si tratta di economie complementari e interconnesse, uno scontro non conviene a nessuno&#8221;. Lo ha detto il presidente del Consiglio, Giorgia Meloni, in un punto stampa al termine della visita ufficiale in Arabia Saudita.<br \/>&#8220;Il dialogo e una soluzione equilibrata e bilanciata sono il modo per affrontare&#8221; la questione, &#8220;far\u00f2 tutto quello che posso&#8221; per &#8220;trovare delle soluzioni insieme all&#8217;amministrazione americana&#8221;, ha aggiunto Meloni, che sulla visita in Arabia Saudita ha sottolineato: &#8220;C&#8217;\u00e8 un focus del governo italiano, che va avanti ormai da oltre due anni, particolarmente incentrato sul Mediterraneo allargato&#8221; dove &#8220;le nazioni del Golfo assumono una centralit\u00e0 strategica. L&#8217;Arabia Saudita \u00e8 un attore di primo piano, quindi questa visita era molto importante. Non si tratta semplicemente di visite di cortesia: sono occasioni che ci consentono di lavorare per risultati concreti per l&#8217;Italia. Nello specifico la scelta qui in Arabia Saudita \u00e8 stata quella di elevare il livello della nostra collaborazione al partenariato strategico&#8221;.<br \/>&#8220;L&#8217;opposizione mi rinfaccia qualsiasi cosa, ma non c&#8217;\u00e8 contraddizione tra quello che io dicevo ieri \u00e8 quello che faccio oggi: Italia e Arabia Saudita sono due nazioni che hanno interesse a stringere accordi strategici &#8211; ha aggiunto il premier -. La questione di chi dovesse favorire attivit\u00e0 di proselitismo in Europa&#8221; \u00e8 diversa &#8220;e su questo non ho cambiato idea, ma non mi pare che ci sia nulla di tutto questo nel lavoro che abbiamo fatto in questi giorni&#8221;.<br \/>Rispondendo a una domanda su Gaza, Meloni ha affermato che &#8220;il presidente Trump dice una cosa molto giusta quando dice che la ricostruzione \u00e8 una delle sfide principali che abbiamo di fronte, e che per\u00f2, per riuscire, serve un grande coinvolgimento della comunit\u00e0 internazionale. Per quello che riguarda il tema dei rifugiati non penso che siamo di fronte a un piano definito, siamo piuttosto di fronte a delle interlocuzioni con gli attori regionali che sicuramente su questo vanno coinvolti. Sono sicuramente materie molto complesse ma il fatto che se ne discuta, seppure a livello interlocutorio, con gli attori della regione secondo me vuol dire che si vuole lavorare seriamente al tema della ricostruzione di Gaza&#8221;.<div id=\"div-gpt-ad-Messinaoggi.it-DSK-300x250-corpoart\" style=\"text-align:center;margin:0 auto;\"><\/div><\/p>\n<p>&#8211; Foto Agenzia Fotogramma &#8211;<div id=\"videoincontent\" style=\"clear:both\";><\/div><\/p>\n<p>(ITALPRESS).<\/p><\/div>\n","protected":false},"excerpt":{"rendered":"<p>ROMA (ITALPRESS) &#8211; &#8220;La questione del surplus commerciale non nasce con la presidenza Trump, \u00e8 un tema che le amministrazioni americane hanno posto spesso. Nel 2023 tra Europa e Stati Uniti, nel commercio di beni, c&#8217;era un surplus a favore dell&#8217;Europa di oltre 150 miliardi: \u00e8 un dato importante e comprendo il punto di vista [&hellip;]<\/p>\n","protected":false},"author":18,"featured_media":226508,"comment_status":"closed","ping_status":"closed","sticky":false,"template":"","format":"standard","meta":{"ub_ctt_via":"","_mi_skip_tracking":false},"categories":[446],"tags":[783],"featured_image_src":"https:\/\/www.messinaoggi.it\/website\/wp-content\/uploads\/2025\/01\/20250127_0168.jpg","author_info":{"display_name":"Admin","author_link":"https:\/\/www.messinaoggi.it\/website\/author\/admin\/"},"digistream_id":0,"digistream":false,"_links":{"self":[{"href":"https:\/\/www.messinaoggi.it\/website\/wp-json\/wp\/v2\/posts\/226507"}],"collection":[{"href":"https:\/\/www.messinaoggi.it\/website\/wp-json\/wp\/v2\/posts"}],"about":[{"href":"https:\/\/www.messinaoggi.it\/website\/wp-json\/wp\/v2\/types\/post"}],"author":[{"embeddable":true,"href":"https:\/\/www.messinaoggi.it\/website\/wp-json\/wp\/v2\/users\/18"}],"replies":[{"embeddable":true,"href":"https:\/\/www.messinaoggi.it\/website\/wp-json\/wp\/v2\/comments?post=226507"}],"version-history":[{"count":0,"href":"https:\/\/www.messinaoggi.it\/website\/wp-json\/wp\/v2\/posts\/226507\/revisions"}],"wp:featuredmedia":[{"embeddable":true,"href":"https:\/\/www.messinaoggi.it\/website\/wp-json\/wp\/v2\/media\/226508"}],"wp:attachment":[{"href":"https:\/\/www.messinaoggi.it\/website\/wp-json\/wp\/v2\/media?parent=226507"}],"wp:term":[{"taxonomy":"category","embeddable":true,"href":"https:\/\/www.messinaoggi.it\/website\/wp-json\/wp\/v2\/categories?post=226507"},{"taxonomy":"post_tag","embeddable":true,"href":"https:\/\/www.messinaoggi.it\/website\/wp-json\/wp\/v2\/tags?post=226507"}],"curies":[{"name":"wp","href":"https:\/\/api.w.org\/{rel}","templated":true}]}}