{"id":226493,"date":"2025-01-27T00:05:45","date_gmt":"2025-01-26T23:05:45","guid":{"rendered":"https:\/\/www.messinaoggi.it\/website\/2025\/01\/27\/italia-usa-tajani-piena-convergenza-su-ucraina-e-gaza\/"},"modified":"2025-01-27T00:05:45","modified_gmt":"2025-01-26T23:05:45","slug":"italia-usa-tajani-piena-convergenza-su-ucraina-e-gaza","status":"publish","type":"post","link":"https:\/\/www.messinaoggi.it\/website\/2025\/01\/27\/italia-usa-tajani-piena-convergenza-su-ucraina-e-gaza\/","title":{"rendered":"Italia-Usa, Tajani \u201cPiena convergenza su Ucraina e Gaza\u201d"},"content":{"rendered":"<div>ROMA (ITALPRESS) &#8211; &#8220;Ho avuto stasera un primo, lungo e amichevole colloquio telefonico con Marco Rubio. Le relazioni con gli USA sono &#8211; insieme all&#8217;Europa &#8211; la priorit\u00e0 della nostra politica estera. Piena convergenza strategica su pace e ricostruzione in Ucraina e a Gaza. Vogliamo lavorare insieme in Africa, America Latina e nell&#8217;Indo &#8211; Pacifico per rafforzare l&#8217;unit\u00e0 dell&#8217;Occidente&#8221;. Cos\u00ec su X il vicepremier e ministro degli Esteri Antonio Tajani dopo la telefonata con il neo segretario di Stato Usa.<br \/>Come rende noto la Farnesina, nel corso del colloquio telefonico, in merito ai rapporti transatlantici, Tajani ha indicato che &#8220;il rapporto con gli Stati Uniti \u00e8 fondamentale per la politica estera italiana, e la NATO resta il pilastro della sicurezza euro-atlantica. L&#8217;Italia continuer\u00e0 ad essere contributore decisivo alle operazioni e alle missioni dell&#8217;Alleanza&#8221;, rilevando la necessit\u00e0 che l&#8217;Europa aumenti le proprie responsabilit\u00e0 in materia di sicurezza e difesa in piena complementariet\u00e0 con la NATO.<br \/>Nel corso del colloquio \u00e8 stato affrontato il tema dell&#8217;aggressione russa all&#8217;Ucraina. L&#8217;Italia ha confermato il pieno sostegno dell&#8217;Italia per una pace giusta e l&#8217;impegno per un coordinamento efficace, inclusivo e trasparente come partner e alleati. Tajani ha confermato che l&#8217;Italia e i partner della Ue considerano con grande preoccupazione l&#8217;incremento delle attivit\u00e0 di guerra ibrida contro l&#8217;Occidente con attacchi cyber, sabotaggi e atti di disinformazione. Nel 2025 l&#8217;Italia inoltre ospiter\u00e0 una conferenza per la ricostruzione del paese.<br \/>Circa la situazione in Medio Oriente, Tajani ha richiamato la sua recente missione a Tel Aviv, Gerusalemme e Ramallah, e ha confermato che il Governo sostiene il diritto di Israele a difendersi, evidenziando come l&#8217;accordo tra Israele e Hamas rappresenti un risultato di grande rilievo. &#8220;L&#8217;Italia \u00e8 pronta a svolgere un ruolo attivo per nuova architettura di sicurezza regionale&#8221; ha affermato il Ministro, che ha sottolineato la necessit\u00e0 di includere anche la Siria, dove la caduta del regime di Assad costituisce un&#8217;opportunit\u00e0 cruciale, e il Libano, nel quale il cessate il fuoco ha sbloccato un processo politico che potr\u00e0 rafforzare le istituzioni. &#8220;E&#8217; inoltre fondamentale il coordinamento tra Europa e Stati Uniti sul dossier nucleare e sulle relazioni con l&#8217;Iran&#8221;, ha commentato il ministro. Tajani ha inoltre sottolineato la necessit\u00e0 di intensificare ulteriormente gli sforzi per garantire la sicurezza della navigazione nel Mar Rosso e sull&#8217;opportunit\u00e0 di seguire con la massima attenzione gli sviluppi in Yemen.<br \/>Passando ai temi relativi all&#8217;Indo Pacifico, Tajani ha osservato che l&#8217;Italia \u00e8 contraria a qualsiasi tentativo di unilaterale di cambiare lo status quo nel Mar Cinese Meridionale e nello Stretto di Taiwan. E&#8217; un tema che l&#8217;Italia ha gi\u00e0 messo al centro della sua presidenza del G7 per tutto il 2024 e che continuer\u00e0 a sollevare con i partner che condividono le stesse preoccupazioni.<br \/>A livello bilaterale, Tajani e Rubio hanno confermato il tradizionale rapporto di fiducia e di vicinanza: sul piano commerciale, gli USA rappresentano il secondo mercato per l&#8217;export italiano, con un interscambio complessivo di oltre 92 miliardi di euro nel 2023. Nel ribadire la volont\u00e0 di intensificare i rapporti anche in tale ambito, il ministro ha indicato la volont\u00e0 di rilanciare la presenza delle aziende italiane negli USA, anche con investimenti diretti.<div id=\"div-gpt-ad-Messinaoggi.it-DSK-300x250-corpoart\" style=\"text-align:center;margin:0 auto;\"><\/div><\/p>\n<p>&#8211; Foto Agenzia Fotogramma &#8211;<div id=\"videoincontent\" style=\"clear:both\";><\/div><\/p>\n<p>(ITALPRESS).<\/p><\/div>\n","protected":false},"excerpt":{"rendered":"<p>ROMA (ITALPRESS) &#8211; &#8220;Ho avuto stasera un primo, lungo e amichevole colloquio telefonico con Marco Rubio. Le relazioni con gli USA sono &#8211; insieme all&#8217;Europa &#8211; la priorit\u00e0 della nostra politica estera. Piena convergenza strategica su pace e ricostruzione in Ucraina e a Gaza. Vogliamo lavorare insieme in Africa, America Latina e nell&#8217;Indo &#8211; Pacifico [&hellip;]<\/p>\n","protected":false},"author":18,"featured_media":226494,"comment_status":"closed","ping_status":"closed","sticky":false,"template":"","format":"standard","meta":{"ub_ctt_via":"","_mi_skip_tracking":false},"categories":[446],"tags":[783],"featured_image_src":"https:\/\/www.messinaoggi.it\/website\/wp-content\/uploads\/2025\/01\/20250126_2490.jpg","author_info":{"display_name":"Admin","author_link":"https:\/\/www.messinaoggi.it\/website\/author\/admin\/"},"digistream_id":0,"digistream":false,"_links":{"self":[{"href":"https:\/\/www.messinaoggi.it\/website\/wp-json\/wp\/v2\/posts\/226493"}],"collection":[{"href":"https:\/\/www.messinaoggi.it\/website\/wp-json\/wp\/v2\/posts"}],"about":[{"href":"https:\/\/www.messinaoggi.it\/website\/wp-json\/wp\/v2\/types\/post"}],"author":[{"embeddable":true,"href":"https:\/\/www.messinaoggi.it\/website\/wp-json\/wp\/v2\/users\/18"}],"replies":[{"embeddable":true,"href":"https:\/\/www.messinaoggi.it\/website\/wp-json\/wp\/v2\/comments?post=226493"}],"version-history":[{"count":0,"href":"https:\/\/www.messinaoggi.it\/website\/wp-json\/wp\/v2\/posts\/226493\/revisions"}],"wp:featuredmedia":[{"embeddable":true,"href":"https:\/\/www.messinaoggi.it\/website\/wp-json\/wp\/v2\/media\/226494"}],"wp:attachment":[{"href":"https:\/\/www.messinaoggi.it\/website\/wp-json\/wp\/v2\/media?parent=226493"}],"wp:term":[{"taxonomy":"category","embeddable":true,"href":"https:\/\/www.messinaoggi.it\/website\/wp-json\/wp\/v2\/categories?post=226493"},{"taxonomy":"post_tag","embeddable":true,"href":"https:\/\/www.messinaoggi.it\/website\/wp-json\/wp\/v2\/tags?post=226493"}],"curies":[{"name":"wp","href":"https:\/\/api.w.org\/{rel}","templated":true}]}}