{"id":226475,"date":"2025-01-26T15:05:42","date_gmt":"2025-01-26T14:05:42","guid":{"rendered":"https:\/\/www.messinaoggi.it\/website\/2025\/01\/26\/milan-in-volata-parma-rimontato-e-battuto-3-2-a-san-siro\/"},"modified":"2025-01-26T15:05:42","modified_gmt":"2025-01-26T14:05:42","slug":"milan-in-volata-parma-rimontato-e-battuto-3-2-a-san-siro","status":"publish","type":"post","link":"https:\/\/www.messinaoggi.it\/website\/2025\/01\/26\/milan-in-volata-parma-rimontato-e-battuto-3-2-a-san-siro\/","title":{"rendered":"Milan in volata, Parma rimontato e battuto 3-2 a San Siro"},"content":{"rendered":"<div>MILANO (ITALPRESS) &#8211; Vittoria al fotofinish per il Milan di Sergio Concei\u00e7ao, che batte per 3-2 il Parma rimontando nel folle recupero di San Siro. Gara aperta dal vantaggio parmense di Cancellieri, pari di Pulisic su rigore e rete di Delprato a dieci dal 90&#8242;, con Reijnders prima e Chukwueze poi a siglare la nona vittoria in campionato di Maignan e compagni. Milan presente con costanza nella met\u00e0 campo del Parma, che nella prima parte di gara va molto in ripartenza e meno in gestione palla. Senza clamorose chance sotto porta di stampo rossonero \u00e8 per\u00f2 proprio la squadra di Pecchia a trovare lo 0-1, sulla transizione offensiva che Cancellieri chiude con il sinistro a giro dal limite dell&#8217;area che non lascia scampo a Maignan. La reazione del Milan arriva presto, al 29&#8242;, sul tocco di Fofana per il gol siglato da Morata, ma il tutto con una posizione di offside dello spagnolo poi segnalata dall&#8217;assistente. Si resta cos\u00ec sullo 0-1, ma il pari milanista \u00e8 solo rimandato al 38&#8242;, quando Pulisic si presenta sul dischetto in seguito alla spinta da rigore di Suzuki ai danni di Pavlovic. L&#8217;americano non ha problemi a concretizzare dagli undici metri e riportare in gara i rossoneri, con Concei\u00e7ao che al termine dell&#8217;intervallo decide per le sostituzioni di Theo Hernandez e Leao, mandando cos\u00ec un messaggio ai suoi. Parma ben messo in campo a limitare le iniziative milaniste, prive di intensit\u00e0 e con un ritmo in decrescendo nonostante le quattro sostituzioni effettuate all&#8217;alba del 57&#8242;. Parma che nonostante la  pressione rossonera non abbassa per\u00f2 totalmente il suo baricentro, strategia che paga a dovere al minuto 80&#8242;, con il neo entrato Camara che pescato davanti a Maignan trova la respinta del portiere francese ma \u00e8 sulla ribattuta che Delprato spinge in rete il 2-1. Ultimi assalti per la formazione milanista, che troverebbe il gol con Pavlovic, annullato per fuorigioco dello stesso, ma \u00e8 poi, nei sei minuti di recupero, che riesce a siglare i due gol della rimonta: Reijnders al 92&#8242; sul filtrante di Musah, e tre minuti pi\u00f9 tardi Chukwueze, in tap-in sull&#8217;ultimo corner della gara. 3-2 e fischio finale che manda in archivio il successo rossonero a una settimana dal derby contro l&#8217;Inter. <br \/>&#8211; Foto Ipa Agency &#8211;<br \/>(ITALPRESS).<\/div>\n<div id=\"div-gpt-ad-Messinaoggi.it-DSK-300x250-corpoart\" style=\"text-align:center;margin:0 auto;\"><\/div><\/p><div id=\"videoincontent\" style=\"clear:both\";><\/div>","protected":false},"excerpt":{"rendered":"<p>MILANO (ITALPRESS) &#8211; Vittoria al fotofinish per il Milan di Sergio Concei\u00e7ao, che batte per 3-2 il Parma rimontando nel folle recupero di San Siro. Gara aperta dal vantaggio parmense di Cancellieri, pari di Pulisic su rigore e rete di Delprato a dieci dal 90&#8242;, con Reijnders prima e Chukwueze poi a siglare la nona [&hellip;]<\/p>\n","protected":false},"author":18,"featured_media":226476,"comment_status":"closed","ping_status":"closed","sticky":false,"template":"","format":"standard","meta":{"ub_ctt_via":"","_mi_skip_tracking":false},"categories":[446],"tags":[783],"featured_image_src":"https:\/\/www.messinaoggi.it\/website\/wp-content\/uploads\/2025\/01\/20250126_0597.jpg","author_info":{"display_name":"Admin","author_link":"https:\/\/www.messinaoggi.it\/website\/author\/admin\/"},"digistream_id":0,"digistream":false,"_links":{"self":[{"href":"https:\/\/www.messinaoggi.it\/website\/wp-json\/wp\/v2\/posts\/226475"}],"collection":[{"href":"https:\/\/www.messinaoggi.it\/website\/wp-json\/wp\/v2\/posts"}],"about":[{"href":"https:\/\/www.messinaoggi.it\/website\/wp-json\/wp\/v2\/types\/post"}],"author":[{"embeddable":true,"href":"https:\/\/www.messinaoggi.it\/website\/wp-json\/wp\/v2\/users\/18"}],"replies":[{"embeddable":true,"href":"https:\/\/www.messinaoggi.it\/website\/wp-json\/wp\/v2\/comments?post=226475"}],"version-history":[{"count":0,"href":"https:\/\/www.messinaoggi.it\/website\/wp-json\/wp\/v2\/posts\/226475\/revisions"}],"wp:featuredmedia":[{"embeddable":true,"href":"https:\/\/www.messinaoggi.it\/website\/wp-json\/wp\/v2\/media\/226476"}],"wp:attachment":[{"href":"https:\/\/www.messinaoggi.it\/website\/wp-json\/wp\/v2\/media?parent=226475"}],"wp:term":[{"taxonomy":"category","embeddable":true,"href":"https:\/\/www.messinaoggi.it\/website\/wp-json\/wp\/v2\/categories?post=226475"},{"taxonomy":"post_tag","embeddable":true,"href":"https:\/\/www.messinaoggi.it\/website\/wp-json\/wp\/v2\/tags?post=226475"}],"curies":[{"name":"wp","href":"https:\/\/api.w.org\/{rel}","templated":true}]}}