{"id":226445,"date":"2025-01-25T17:05:41","date_gmt":"2025-01-25T16:05:41","guid":{"rendered":"https:\/\/www.messinaoggi.it\/website\/2025\/01\/25\/nordio-improprio-pensare-che-voglia-umiliare-la-magistratura\/"},"modified":"2025-01-25T17:05:41","modified_gmt":"2025-01-25T16:05:41","slug":"nordio-improprio-pensare-che-voglia-umiliare-la-magistratura","status":"publish","type":"post","link":"https:\/\/www.messinaoggi.it\/website\/2025\/01\/25\/nordio-improprio-pensare-che-voglia-umiliare-la-magistratura\/","title":{"rendered":"Nordio \u201cImproprio pensare che voglia umiliare la magistratura\u201d"},"content":{"rendered":"<div>NAPOLI (ITALPRESS) &#8211; &#8220;Tutte le opinioni sono benvenute, tutte le manifestazioni di dissenso, e ringrazio tutti per una manifestazione estremamente composta, sono il sale della democrazia, ma che si possa pensare che un ministro da 30 anni in magistratura e a tre anni alla guida dell&#8217;inchiesta sulle Brigate Rosse, che un ex magistrato possa avere come obiettivo l&#8217;umiliazione della magistratura alla quale \u00e8 appartenuto, lo trovo particolarmente improprio&#8221;. Lo ha detto il ministro della Giustizia Carlo Nordio durante l&#8217;inaugurazione dell&#8217;anno giudiziario a Napoli. &#8220;Vi pare che, avendo io fatto per 40 anni il pm per essere libero e indipendente, vorrebbe un pm<br \/>\nsottoposto al potere esecutivo? Non avverr\u00e0 mai, non in nome di questa riforma costituzionale&#8221;, ha aggiunto mentre i magistrati dell&#8217;Anm erano gi\u00e0 usciti dalla sala. Mentre i presenti hanno applaudito. &#8220;Ringrazio ancora una volta l&#8217;efficienza e operosit\u00e0 della magistratura. Su quest&#8217;ultima vorrei aggiungere due cose. Molte volte ho usato anche espressioni non del tutto in linea con la vulgata generale, per\u00f2 &#8211; ha spiegato &#8211; di una cosa mi sono sempre sentito orgoglioso, di affermare che \u00e8 la sua operosit\u00e0 e la sua competenza. Tutte le volte che ho sentito dire che i magistrati lavorano poco o producono poco, ho avuto una sorta di senso di ribellione da magistrato all&#8217;epoca e come ministro. La seconda un p\u00f2 pi\u00f9 dolorosa \u00e8 quella che qualcuno possa pensare che questa riforma costituzionale sia punitiva per la magistratura&#8221;, ha concluso Nordio.<br \/>\n(ITALPRESS).<br \/>\n-Foto: Agenzia Fotogramma-<\/div>\n<div id=\"div-gpt-ad-Messinaoggi.it-DSK-300x250-corpoart\" style=\"text-align:center;margin:0 auto;\"><\/div><\/p><div id=\"videoincontent\" style=\"clear:both\";><\/div>","protected":false},"excerpt":{"rendered":"<p>NAPOLI (ITALPRESS) &#8211; &#8220;Tutte le opinioni sono benvenute, tutte le manifestazioni di dissenso, e ringrazio tutti per una manifestazione estremamente composta, sono il sale della democrazia, ma che si possa pensare che un ministro da 30 anni in magistratura e a tre anni alla guida dell&#8217;inchiesta sulle Brigate Rosse, che un ex magistrato possa avere [&hellip;]<\/p>\n","protected":false},"author":18,"featured_media":226446,"comment_status":"closed","ping_status":"closed","sticky":false,"template":"","format":"standard","meta":{"ub_ctt_via":"","_mi_skip_tracking":false},"categories":[446],"tags":[783],"featured_image_src":"https:\/\/www.messinaoggi.it\/website\/wp-content\/uploads\/2025\/01\/20250125_0707.jpg","author_info":{"display_name":"Admin","author_link":"https:\/\/www.messinaoggi.it\/website\/author\/admin\/"},"digistream_id":0,"digistream":false,"_links":{"self":[{"href":"https:\/\/www.messinaoggi.it\/website\/wp-json\/wp\/v2\/posts\/226445"}],"collection":[{"href":"https:\/\/www.messinaoggi.it\/website\/wp-json\/wp\/v2\/posts"}],"about":[{"href":"https:\/\/www.messinaoggi.it\/website\/wp-json\/wp\/v2\/types\/post"}],"author":[{"embeddable":true,"href":"https:\/\/www.messinaoggi.it\/website\/wp-json\/wp\/v2\/users\/18"}],"replies":[{"embeddable":true,"href":"https:\/\/www.messinaoggi.it\/website\/wp-json\/wp\/v2\/comments?post=226445"}],"version-history":[{"count":0,"href":"https:\/\/www.messinaoggi.it\/website\/wp-json\/wp\/v2\/posts\/226445\/revisions"}],"wp:featuredmedia":[{"embeddable":true,"href":"https:\/\/www.messinaoggi.it\/website\/wp-json\/wp\/v2\/media\/226446"}],"wp:attachment":[{"href":"https:\/\/www.messinaoggi.it\/website\/wp-json\/wp\/v2\/media?parent=226445"}],"wp:term":[{"taxonomy":"category","embeddable":true,"href":"https:\/\/www.messinaoggi.it\/website\/wp-json\/wp\/v2\/categories?post=226445"},{"taxonomy":"post_tag","embeddable":true,"href":"https:\/\/www.messinaoggi.it\/website\/wp-json\/wp\/v2\/tags?post=226445"}],"curies":[{"name":"wp","href":"https:\/\/api.w.org\/{rel}","templated":true}]}}