{"id":226278,"date":"2025-01-24T10:21:16","date_gmt":"2025-01-24T09:21:16","guid":{"rendered":"http:\/\/www.messinaoggi.it\/website\/?p=226278"},"modified":"2025-01-24T09:59:35","modified_gmt":"2025-01-24T08:59:35","slug":"cimiteri-minutoli-replica-ai-consiglieri-di-lega-prima-litalia","status":"publish","type":"post","link":"https:\/\/www.messinaoggi.it\/website\/2025\/01\/24\/cimiteri-minutoli-replica-ai-consiglieri-di-lega-prima-litalia\/","title":{"rendered":"Cimiteri, Minutoli replica ai consiglieri di Lega Prima l\u2019Italia"},"content":{"rendered":"\n<p>L\u2019Assessore con delega ai Cimiteri cittadini <strong>Massimiliano Minutoli<\/strong> risponde ai consiglieri comunali di Lega Prima l\u2019Italia, <a href=\"https:\/\/www.messinaoggi.it\/website\/2025\/01\/23\/cimiteri-cittadini-lega-prima-litalia-fa-diverse-richieste-allamministrazione\/\" data-type=\"URL\" data-id=\"https:\/\/www.messinaoggi.it\/website\/2025\/01\/23\/cimiteri-cittadini-lega-prima-litalia-fa-diverse-richieste-allamministrazione\/\">che avevano criticato la Giunta Basile sulla gestione dei cimiteri cittadini<\/a>.<div id=\"div-gpt-ad-Messinaoggi.it-DSK-300x250-corpoart\" style=\"text-align:center;margin:0 auto;\"><\/div><\/p>\n\n\n\n<p>&#8220;Venuto a conoscenza a mezzo stampa delle dichiarazioni dei consiglieri Cosimo Oteri, Amalia Centofanti e Rosaria D\u2019Arrigo che (ancor prima che arrivasse allo scrivente tramite regolare protocollo dell\u2019ente) cercando di fare notare la loro presenza fisica in Consiglio comunale, proporrebbero soluzioni per la corretta gestione dei servizi cimiteriali, corre l\u2019obbligo di rispondere in maniera precisa e puntuale alle dichiarazioni rese&#8221;. <div id=\"videoincontent\" style=\"clear:both\";><\/div><\/p>\n\n\n\n<p>&#8220;Partendo da uno dei punti \u201csuggeriti\u201d dai Consiglieri, e riguardante la questione degli avvisi pubblici per le tumulazioni della salme giacenti in deposito, gli stessi consiglieri dovrebbero prima avere contezza del numero di salme che nel corso dell\u2019anno entrano al deposito e successivamente valutare se le richieste di tumulazione nei vari Cimiteri possano essere soddisfatte in tempo reale o meno. Nel solo mese di Gennaio sono state accolte circa 200 salme! E\u2019 chiaro che la disponibilit\u00e0 dei posti va ricercata in tutti i Cimiteri cittadini tenendo conto di dovere recuperare i posti gi\u00e0 esistenti, soggetti a scadenza delle concessioni oppure procedendo al recupero dei tumuli o loculi in abbandono e non reclamati da alcun avente diritto. Stessa situazione vale per le Cappelle gentilizie esistenti che versano in stato di abbandono. Tutto quanto sopra esposto comporta tempi abbastanza lunghi per la definizione delle procedure, dalla pubblicazione degli avvisi di decadenza, alle verifiche successive e alla predisposizione degli atti amministrativi e tecnici con relativa acquisizione di parere degli uffici nel rispetto dei termini di legge, appare chiaro che la tempistica si allunga&#8221; spiega Minutoli. <\/p>\n\n\n\n<p>&#8220;Nel frattempo, occorre garantire l\u2019attivit\u00e0 ordinaria che, ahim\u00e8, va avanti. Proprio per la gestione corrente, nel corso del 2024 sono stati effettuati avvisi quadrimestrali per la concessione di posti nei vari Cimiteri cittadini, l\u2019ultimo \u00e8 in fase di completamento con l\u2019assegnazione di circa 150 posti grazie al lavoro di recupero delle tombe esistenti e senza considerare gli ampliamenti in fase di realizzazione. Il primo avviso per le tumulazioni per il 2025 sar\u00e0 a breve pubblicato e si potr\u00e0 procedere alle ulteriori assegnazioni per dare degna sepoltura alle salme giacenti in deposito&#8221; continua l&#8217;assessore. <\/p>\n\n\n\n<p>&#8220;Quindi, nulla di increscioso nelle situazioni esistenti ma, semplicemente, e ne siamo consapevoli, occorre una accelerazione ai programmi dell\u2019Assessorato che solamente attraverso le nuove assunzioni \u00e8 stato possibile ottenere. Si sta lavorando quindi a quelle che sono le attivit\u00e0 programmate, progettate ed in corso di realizzazione. Richiamando il 2018, anno in cui il sottoscritto \u00e8 stato nominato Assessore ai Cimiteri, la situazione degli ampliamenti dei Cimiteri cittadini era ferma ed in attesa degli sviluppi tecnico amministrativi necessari ad avviare le procedure di affidamento delle gare per l\u2019esecuzione degli ampliamenti stessi che, come dovrebbero sapere gli interpellanti, sono attivit\u00e0 realizzabili a seguito di attivit\u00e0 progettuali, individuazione delle somme e relativa procedura tecnico-amministrativa riconducibile alla macchina organizzativa degli uffici&#8221; chiarisce nella nota. <\/p>\n\n\n\n<p>E conclude con un elenco di azioni portate avanti dalla Giunta:<\/p>\n\n\n\n<p>&#8220;Proprio perch\u00e9 questa amministrazione vuole risolvere le questioni cimiteriali, a differenza di quanto dichiarato strumentalmente dai consiglieri, dal 2018 sono state avviate le seguenti attivit\u00e0 volte ad ottenere maggiori posti per le sepolture e limitare i tempi di attesa delle salme in deposito:  <\/p>\n\n\n\n<p>1. \u201cProgettazione esecutiva di un nuovo Palazzo Funerario con tipologia di cellari a pi\u00f9 livelli in zona G per 3.640 posti-salma oltre 1.397 in variante per un totale di 5.037 posti-salma.  &#8211; (affidamento in Concessione) &#8211; Importo complessivo dell\u2019investimento: \u20ac 6.941.422,00. Sono stati consegnati anticipatamente n. 490 loculi disponibili, gi\u00e0 collaudati staticamente e assegnati. I lavori attualmente sono fermi per problemi dell\u2019impresa aggiudicataria del Project Financing. L\u2019amministrazione ha gi\u00e0 avviato le interlocuzioni con i responsabili ed in caso di mancato inizio lavori a breve, sar\u00e0  avviata la procedura di rescissione in danno, per gravi ritardi nell\u2019esecuzione lavori anche se la procedura \u00e8 comunque lunga e complessa tenendo conto che si tratta anche di appalto in concessione.  <\/p>\n\n\n\n<p>2. \u201cAmpliamento del Cimitero di Faro Superiore\u201d con una previsione di circa 3.900 posti salma; progetto di finanza per l\u2019importo di \u20ac 7.700.000,00 per il quale \u00e8 stato predisposto il contratto il cui schema \u00e8 gi\u00e0 stato sottoscritto dall\u2019aggiudicatario in  data 02\/07\/24 e in data 17\/12\/24 il Rup ha trasmesso al Dirigente il contratto in forma definitiva completo di tutta documentazione. Siamo nella fase della Stipula del contratto per l\u2019avvio delle progettazioni esecutive e dei lavori con tutte le attivit\u00e0 connesse. <\/p>\n\n\n\n<p>3. \u201cAmpliamento del Cimitero di S.Paolo Briga\u201d con una previsione di circa 2.800 posti salma. Progetto di Finanza per l\u2019importo di \u20ac 7.145.000,00. E\u2019 stata gi\u00e0 avanzata una proposta che \u00e8 in fase di valutazione.  <\/p>\n\n\n\n<p>4. \u201cZona I \u201cgiardinetti\u201d con una previsione di circa 1.536 posti salma; progetto di finanza per l\u2019importo di \u20ac 3.433.360,55 per il quale \u00e8 stata incardinata in piattaforma la gara per l\u2019aggiudicazione con data di scadenza presentazione dell\u2019offerta il 22\/01\/2025.  <\/p>\n\n\n\n<p>5. \u201cAmpliamento del Cimitero di Castanea\u201d Stralcio con una previsione di circa 1.034  posti salma con un\u2019intervento stimato per l\u2019importo di \u20ac 4.054.902,66. E\u2019 stato gi\u00e0 rilasciato il parere VINCA con decreto ARTA in data 13 dicembre 2024 al progetto esecutivo. Si stanno predisponendo il bando ed il disciplinare di gara mentre si sono avviate le procedure di esproprio in attesa degli ulteriori step amministrativi per la definizione dell\u2019appalto da mettere a gara al reperimento delle risorse.  <\/p>\n\n\n\n<p>6. \u201cAmpliamento del Cimitero di Granatari\u201d con una previsione di circa 400 posti salma gi\u00e0 in fase di prossimo avvio dei lavori.  Occorre inoltre riportare all\u2019attenzione dei Consiglieri, considerato che non avranno avuto il tempo di documentarsi sull\u2019attivit\u00e0 che l\u2019amministrazione porta avanti e della quale l\u2019Assessorato ha puntualmente aggiornato nelle commissioni consiliari quanti hanno seguito con la giusta attenzione i lavori, che \u00e8 stata pubblicata in data 24\/12\/2024 la gara d\u2019appalto per la \u201cGestione dei servizi cimiteriali di Polizia Mortuaria nei 17 cimiteri comunali di Messina per la durata di 36 mesi\u201d per l\u2019importo complessivo di gara di \u20ac 5.394.468,60 e la cui scadenza \u00e8 fissata al 03\/02\/2025. Nell\u2019ambito del disciplinare di gara, proprio per agevolare l\u2019individuazione delle disponibilit\u00e0 e catalogare le posizioni geolocalizzate nei vari Cimiteri cittadini, tra le proposte migliorative ad integrazione dei servizi richiesti dal capitolato, che non dovranno comportare aumento di costi per la stazione appaltante, \u00e8 previsto il Servizio di censimento, rilevamento dati, mappatura e georeferenziazione degli spazi cimiteriali (tumuli, celle, campi d\u2019inumazione e aree del cimitero).  Per quanto concerne l\u2019individuazione di aree esterne agli attuali confini Cimiteriali, la linea di questa Amministrazione, ultimate le procedure di ampliamento in corso, \u00e8 quella di non ampliare ulteriormente i Cimiteri con ulteriore consumo di suolo ma ricorrere alle procedure di recupero e riassegnazione delle posizioni esistenti. Se questa \u00e8 l\u2019indifferenza ai disagi esistenti da anni e per i quali questa amministrazione si sta adoperando incessantemente dal 2018 ad oggi per la risoluzione di ataviche situazioni, l\u2019unica situazione incresciosa che si rileva \u00e8 che i Consiglieri, non partecipando in maniera attenta alle attivit\u00e0 d\u2019istituto, sconoscendo l\u2019operato reale dell\u2019Amministrazione continuano a proporre atti di natura strumentale e demagogica priva di sostanza&#8221;.    <\/p>\n","protected":false},"excerpt":{"rendered":"<p>L\u2019Assessore con delega ai Cimiteri cittadini Massimiliano Minutoli risponde ai consiglieri comunali di Lega Prima l\u2019Italia, che avevano criticato la Giunta Basile sulla gestione dei cimiteri cittadini. &#8220;Venuto a conoscenza a mezzo stampa delle dichiarazioni dei consiglieri Cosimo Oteri, Amalia Centofanti e Rosaria D\u2019Arrigo che (ancor prima che arrivasse allo scrivente tramite regolare protocollo dell\u2019ente) [&hellip;]<\/p>\n","protected":false},"author":15,"featured_media":124768,"comment_status":"open","ping_status":"open","sticky":false,"template":"","format":"standard","meta":{"ub_ctt_via":"","_mi_skip_tracking":false},"categories":[4,6],"tags":[6489,5812,5984,4936,128],"featured_image_src":"https:\/\/www.messinaoggi.it\/website\/wp-content\/uploads\/2022\/10\/Basile-Minutoli.jpg","author_info":{"display_name":"red.me","author_link":"https:\/\/www.messinaoggi.it\/website\/author\/red-me\/"},"digistream_id":0,"digistream":false,"_links":{"self":[{"href":"https:\/\/www.messinaoggi.it\/website\/wp-json\/wp\/v2\/posts\/226278"}],"collection":[{"href":"https:\/\/www.messinaoggi.it\/website\/wp-json\/wp\/v2\/posts"}],"about":[{"href":"https:\/\/www.messinaoggi.it\/website\/wp-json\/wp\/v2\/types\/post"}],"author":[{"embeddable":true,"href":"https:\/\/www.messinaoggi.it\/website\/wp-json\/wp\/v2\/users\/15"}],"replies":[{"embeddable":true,"href":"https:\/\/www.messinaoggi.it\/website\/wp-json\/wp\/v2\/comments?post=226278"}],"version-history":[{"count":9,"href":"https:\/\/www.messinaoggi.it\/website\/wp-json\/wp\/v2\/posts\/226278\/revisions"}],"predecessor-version":[{"id":226299,"href":"https:\/\/www.messinaoggi.it\/website\/wp-json\/wp\/v2\/posts\/226278\/revisions\/226299"}],"wp:featuredmedia":[{"embeddable":true,"href":"https:\/\/www.messinaoggi.it\/website\/wp-json\/wp\/v2\/media\/124768"}],"wp:attachment":[{"href":"https:\/\/www.messinaoggi.it\/website\/wp-json\/wp\/v2\/media?parent=226278"}],"wp:term":[{"taxonomy":"category","embeddable":true,"href":"https:\/\/www.messinaoggi.it\/website\/wp-json\/wp\/v2\/categories?post=226278"},{"taxonomy":"post_tag","embeddable":true,"href":"https:\/\/www.messinaoggi.it\/website\/wp-json\/wp\/v2\/tags?post=226278"}],"curies":[{"name":"wp","href":"https:\/\/api.w.org\/{rel}","templated":true}]}}