{"id":226119,"date":"2025-01-23T10:10:59","date_gmt":"2025-01-23T09:10:59","guid":{"rendered":"http:\/\/www.messinaoggi.it\/website\/?p=226119"},"modified":"2025-01-23T09:53:48","modified_gmt":"2025-01-23T08:53:48","slug":"problemi-di-erogazione-idrica-nella-iii-municipalita-intervengono-geraci-e-gioveni","status":"publish","type":"post","link":"https:\/\/www.messinaoggi.it\/website\/2025\/01\/23\/problemi-di-erogazione-idrica-nella-iii-municipalita-intervengono-geraci-e-gioveni\/","title":{"rendered":"Problemi di erogazione idrica nella III Municipalit\u00e0, intervengono Geraci e Gioveni"},"content":{"rendered":"\n<p>Difficolt\u00e0 di erogazione idrica in diversi villaggi della III Municipalit\u00e0. A denunciarlo il consigliere della Municipalit\u00e0 <strong>Alessandro Geraci<\/strong> e il consigliere comunale <strong>Libero Gioveni<\/strong>. <div id=\"div-gpt-ad-Messinaoggi.it-DSK-300x250-corpoart\" style=\"text-align:center;margin:0 auto;\"><\/div><\/p>\n\n\n\n<p>&#8220;Da pi\u00f9 di 60 ore problemi di erogazione idrica a Camaro, Bisconte, Catarratti. Circa 10,000 abitanti interessati. L&#8217;ultima comunicazione ufficiale dell&#8217;Amam \u00e8 di 2 giorni fa sia sul sito ufficiale che sulla pagina fb e si riferisce ai lavori sulla conduttura di Fiumefreddo. &#8211; spiega Geraci &#8211; Nel frattempo sono subentrati guasti alle condutture di zona, che hanno costretto la sospensione totale dell&#8217;erogazione. Ringrazio gli operatori dell&#8217;azienda che alle tante domande, cercano di dare qualche risposta, ma non \u00e8 accettabile il silenzio dei vertici Amam che anche in questo caso latitano, nel comunicare ai cittadini ed ai consigli di circoscrizione: Cosa sta succedendo? Dove si trova il guasto? Quali zone sono interessate dalle interruzioni? Che tempi ci sono per il ritorno alle condizioni normali? Mi sembra il minimo per chi \u00e8 chiamato a gestire un&#8217; azienda che si occupa di un bene prezioso come l&#8217;acqua&#8221;.<div id=\"videoincontent\" style=\"clear:both\";><\/div><\/p>\n\n\n\n<p>&#8220;Sicuramente non mi pento e non mi pentir\u00f2 mai di aver chiesto le dimissioni dell\u2019ex presidente di Amam Loredana Bonasera (oggi esperta \u201cper merito\u201d per i fondi di coesione avendo vinto una selezione pubblica), ma certamente l\u2019inizio della nuova governance di Amam non sta brillando certamente per discontinuit\u00e0 col passato!&#8221; afferma il capogruppo di Fratelli d\u2019Italia, che in questi ultimi tre giorni, financo nelle prime ore di stamattina, ha raccolto le lamentele di tantissimi residenti della vallata di Camaro che sono totalmente all\u2019asciutto da pi\u00f9 di 60 ore!. <\/p>\n\n\n\n<p>&#8220;A causa, infatti, di due grossi interventi di manutenzione eseguiti prima in via Comunale Camaro e poi sul viale Europa dovuto al guasto di una condotta durante i lavori di realizzazione del parcheggio Europa Ovest \u2013 spiega Gioveni \u2013 moltissime zone di Camaro comprese le zone di Bisconte e Catarratti sono rimaste senz\u2019acqua e ancora lo sono stamattina a causa della presenza di aria nella tubazione che crea resistenza. Nulla da dire sull\u2019encomiabile impegno dei tecnici Amam che hanno coordinato questi interventi &#8211; precisa il consigliere \u2013 ma non si pu\u00f2 accettare di lasciare migliaia di famiglie per tutto questo tempo senz\u2019acqua senza il necessario supporto o assistenza e, soprattutto (come appunto accadeva durante la gestione Bonasera), con una intempestiva e nella fattispecie anche inizialmente errata comunicazione sul sito dell\u2019azienda&#8221;. <\/p>\n\n\n\n<p>&#8220;Tutto questo \u00e8 inaccettabile \u2013 insiste l\u2019esponente di FdI \u2013 ed evidentemente sono stato buon profeta sui primi disservizi visto che proprio marted\u00ec 14 gennaio, durante la seduta della 4^ Commissione alla presenza del presidente Alibrandi, ho denunciato alcuni spaventosi ritardi anche nella definizione di diversi interventi di manutenzione idrica e fognaria rispetto alla precedente gestione, per non parlare anche degli interventi di manutenzione ordinaria di strade e marciapiedi che, come \u00e8 noto, sono adesso a carico di Amam col nuovo contratto di servizio&#8221;. <\/p>\n\n\n\n<p>&#8220;Il sindaco Basile, quindi \u2013 conclude Gioveni \u2013 nelle more intanto di far tornare l\u2019acqua stamattina nella vallata di Camaro, prenda atto di ci\u00f2 che \u00e8 vergognosamente accaduto, affinch\u00e9 simili indecifrabili situazioni non abbiano pi\u00f9 a ripetersi, perch\u00e9 in tutta sincerit\u00e0, a chiedere nuove dimissioni, anche del buon Alibrandi, non ne abbiamo alcuna voglia!&#8221;. <\/p>\n","protected":false},"excerpt":{"rendered":"<p>Difficolt\u00e0 di erogazione idrica in diversi villaggi della III Municipalit\u00e0. A denunciarlo il consigliere della Municipalit\u00e0 Alessandro Geraci e il consigliere comunale Libero Gioveni. &#8220;Da pi\u00f9 di 60 ore problemi di erogazione idrica a Camaro, Bisconte, Catarratti. Circa 10,000 abitanti interessati. L&#8217;ultima comunicazione ufficiale dell&#8217;Amam \u00e8 di 2 giorni fa sia sul sito ufficiale che [&hellip;]<\/p>\n","protected":false},"author":15,"featured_media":152421,"comment_status":"open","ping_status":"open","sticky":false,"template":"","format":"standard","meta":{"ub_ctt_via":"","_mi_skip_tracking":false},"categories":[4,6],"tags":[8313,1080,704,497,1777,6109,5828],"featured_image_src":"https:\/\/www.messinaoggi.it\/website\/wp-content\/uploads\/2023\/04\/acqua-rubinetto-3-2-420x252-1.jpg","author_info":{"display_name":"red.me","author_link":"https:\/\/www.messinaoggi.it\/website\/author\/red-me\/"},"digistream_id":0,"digistream":false,"_links":{"self":[{"href":"https:\/\/www.messinaoggi.it\/website\/wp-json\/wp\/v2\/posts\/226119"}],"collection":[{"href":"https:\/\/www.messinaoggi.it\/website\/wp-json\/wp\/v2\/posts"}],"about":[{"href":"https:\/\/www.messinaoggi.it\/website\/wp-json\/wp\/v2\/types\/post"}],"author":[{"embeddable":true,"href":"https:\/\/www.messinaoggi.it\/website\/wp-json\/wp\/v2\/users\/15"}],"replies":[{"embeddable":true,"href":"https:\/\/www.messinaoggi.it\/website\/wp-json\/wp\/v2\/comments?post=226119"}],"version-history":[{"count":11,"href":"https:\/\/www.messinaoggi.it\/website\/wp-json\/wp\/v2\/posts\/226119\/revisions"}],"predecessor-version":[{"id":226132,"href":"https:\/\/www.messinaoggi.it\/website\/wp-json\/wp\/v2\/posts\/226119\/revisions\/226132"}],"wp:featuredmedia":[{"embeddable":true,"href":"https:\/\/www.messinaoggi.it\/website\/wp-json\/wp\/v2\/media\/152421"}],"wp:attachment":[{"href":"https:\/\/www.messinaoggi.it\/website\/wp-json\/wp\/v2\/media?parent=226119"}],"wp:term":[{"taxonomy":"category","embeddable":true,"href":"https:\/\/www.messinaoggi.it\/website\/wp-json\/wp\/v2\/categories?post=226119"},{"taxonomy":"post_tag","embeddable":true,"href":"https:\/\/www.messinaoggi.it\/website\/wp-json\/wp\/v2\/tags?post=226119"}],"curies":[{"name":"wp","href":"https:\/\/api.w.org\/{rel}","templated":true}]}}