{"id":226105,"date":"2025-01-23T09:16:54","date_gmt":"2025-01-23T08:16:54","guid":{"rendered":"http:\/\/www.messinaoggi.it\/website\/?p=226105"},"modified":"2025-01-23T09:19:38","modified_gmt":"2025-01-23T08:19:38","slug":"sanita118-depotenziato-a-messina-insorge-la-uil-fpl","status":"publish","type":"post","link":"https:\/\/www.messinaoggi.it\/website\/2025\/01\/23\/sanita118-depotenziato-a-messina-insorge-la-uil-fpl\/","title":{"rendered":"Sanit\u00e0,118 depotenziato a Messina: insorge la Uil-Fpl"},"content":{"rendered":"\n<p>Il servizio del 118 della provincia di Messina ulteriormente depotenziato con la chiusura del cosiddetto \u201cBox di ripristino\u201d del Policlinico di Messina. Una scelta fortemente contestata dalla Uil-Fpl regionale e di Messina. Un ulteriore preoccupante segnale di disimpegno da parte della Regione a scapito del diritto alla Salute dei messinesi. Questo il testo della nota indirizzata ai vertici della Sanit\u00e0 regionale.<div id=\"div-gpt-ad-Messinaoggi.it-DSK-300x250-corpoart\" style=\"text-align:center;margin:0 auto;\"><\/div><\/p>\n\n\n\n<p>&#8220;La Scrivente Organizzazione Sindacale, in rappresentanza dei lavoratori della SEUS S.C.p.A., desidera esprimere la propria preoccupazione e richiedere chiarimenti urgenti in merito alla chiusura del box di ripristino presso il Policlinico Universitario G. Martino di Messina, avvenuta con decorrenza gennaio 2025. Appare opportuno sottolineare che, questo tipo di convenzioni, sono in atto attive in diversi ospedali maggiori della Regione Sicilia, \u00e8 sono state ideate per due motivi fondamentali ovvero, quello di migliorare i tempi di intervento delle ambulanze in servizio ed allo stesso tempo, consentire l\u2019impiego del personale autista\/soccorritore SEUS divenuto inidoneo per cause non dipendenti dalla propria volont\u00e0. Ci\u00f2 premesso, appare utile ricordare quanto segue: I &#8220;Box di ripristino&#8221; sono essenziali per garantire la prontezza operativa delle ambulanze, contenendo i presidi medico-chirurgici necessari per le emergenze; La chiusura di tali strutture compromette gravemente l&#8217;efficienza del servizio di emergenza urgenza, aumentando i tempi di attesa e riducendo la capacit\u00e0 di risposta alle richieste emergenziali; Con nota assessoriale prot. 97118 del 29 dicembre 2017, l&#8217;Assessore Regionale per la salute ha disposto l&#8217;attivazione dei &#8220;box di ripristino&#8221; presso le ASP del territorio regionale. Pertanto, al fine di evitare ricadute sulle procedure assistenziali cos\u00ec come sulle patologie tempo dipendenti che potrebbero generare eventuali casi di malasanit\u00e0, nel caso in cui un mezzo di soccorso necessiti la sostituzione di presidi fondamentali per garantire una la continuit\u00e0 e la qualit\u00e0 dell\u2019assistenza , cos\u00ec come la tutela dei cittadini utenti e degli operatori stessi, la scrivente chiede a codesto management, un urgente incontro per confrontarsi su tale decisione che a nostro avviso appare \u201cimprovvida\u201d e probabilmente non concertata con l\u2019Assessorato della Salute che nel 2022 l\u2019ha fortemente voluta. Inoltre, l\u2019incontro richiesto, si rende indispensabile capire quali sono gli intendimenti di della SEUS per garantire la continuit\u00e0 lavorativa dei cinque dipendenti coinvolti, evitando trasferimenti forzati che aggraverebbero ulteriormente la loro situazione\u201d.<div id=\"videoincontent\" style=\"clear:both\";><\/div><\/p>\n\n\n\n<p>Conclude la nota del Segretario Generale Territoriale UIL FPL Messina <strong>Livio Andronico<\/strong> e del Segretario Generale Sicilia, <strong>Salvatore Sampino<\/strong>.<\/p>\n","protected":false},"excerpt":{"rendered":"<p>Il servizio del 118 della provincia di Messina ulteriormente depotenziato con la chiusura del cosiddetto \u201cBox di ripristino\u201d del Policlinico di Messina. Una scelta fortemente contestata dalla Uil-Fpl regionale e di Messina. Un ulteriore preoccupante segnale di disimpegno da parte della Regione a scapito del diritto alla Salute dei messinesi. Questo il testo della nota [&hellip;]<\/p>\n","protected":false},"author":2,"featured_media":113517,"comment_status":"open","ping_status":"open","sticky":false,"template":"","format":"standard","meta":{"ub_ctt_via":"","_mi_skip_tracking":false},"categories":[19],"tags":[11296,2462,6862,113,115],"featured_image_src":"https:\/\/www.messinaoggi.it\/website\/wp-content\/uploads\/2022\/07\/IMG_3100-e1657124039572.jpg","author_info":{"display_name":"Redazione","author_link":"https:\/\/www.messinaoggi.it\/website\/author\/redazione\/"},"digistream_id":0,"digistream":false,"_links":{"self":[{"href":"https:\/\/www.messinaoggi.it\/website\/wp-json\/wp\/v2\/posts\/226105"}],"collection":[{"href":"https:\/\/www.messinaoggi.it\/website\/wp-json\/wp\/v2\/posts"}],"about":[{"href":"https:\/\/www.messinaoggi.it\/website\/wp-json\/wp\/v2\/types\/post"}],"author":[{"embeddable":true,"href":"https:\/\/www.messinaoggi.it\/website\/wp-json\/wp\/v2\/users\/2"}],"replies":[{"embeddable":true,"href":"https:\/\/www.messinaoggi.it\/website\/wp-json\/wp\/v2\/comments?post=226105"}],"version-history":[{"count":1,"href":"https:\/\/www.messinaoggi.it\/website\/wp-json\/wp\/v2\/posts\/226105\/revisions"}],"predecessor-version":[{"id":226106,"href":"https:\/\/www.messinaoggi.it\/website\/wp-json\/wp\/v2\/posts\/226105\/revisions\/226106"}],"wp:featuredmedia":[{"embeddable":true,"href":"https:\/\/www.messinaoggi.it\/website\/wp-json\/wp\/v2\/media\/113517"}],"wp:attachment":[{"href":"https:\/\/www.messinaoggi.it\/website\/wp-json\/wp\/v2\/media?parent=226105"}],"wp:term":[{"taxonomy":"category","embeddable":true,"href":"https:\/\/www.messinaoggi.it\/website\/wp-json\/wp\/v2\/categories?post=226105"},{"taxonomy":"post_tag","embeddable":true,"href":"https:\/\/www.messinaoggi.it\/website\/wp-json\/wp\/v2\/tags?post=226105"}],"curies":[{"name":"wp","href":"https:\/\/api.w.org\/{rel}","templated":true}]}}