{"id":225985,"date":"2025-01-22T14:45:21","date_gmt":"2025-01-22T13:45:21","guid":{"rendered":"http:\/\/www.messinaoggi.it\/website\/?p=225985"},"modified":"2025-01-22T14:45:26","modified_gmt":"2025-01-22T13:45:26","slug":"mattarella-a-messina-per-inaugurare-lanno-accademico-riceve-un-dottorato","status":"publish","type":"post","link":"https:\/\/www.messinaoggi.it\/website\/2025\/01\/22\/mattarella-a-messina-per-inaugurare-lanno-accademico-riceve-un-dottorato\/","title":{"rendered":"Mattarella a Messina per inaugurare l&#8217;anno accademico: riceve un dottorato"},"content":{"rendered":"\n<p>Si \u00e8 svolta oggi la Cerimonia di inaugurazione dell&#8217;anno accademico 2024\/25 dell&#8217;Universit\u00e0 degli studi di Messina. Si tratta della prima volta che un presidente della Repubblica vi prende parte. <div id=\"div-gpt-ad-Messinaoggi.it-DSK-300x250-corpoart\" style=\"text-align:center;margin:0 auto;\"><\/div><\/p>\n\n\n\n<p>\u00c8 stato non solo un momento per fare il punto sui risultati raggiunti dall&#8217;Ateneo nell&#8217;anno appena trascorso, fatto in apertura dalla Magnifica Rettrice <strong>Giovanna Spatari<\/strong>, ma anche per ricordare il 70\u00b0 Anniversario della \u201cConferenza di Messina\u201d, argomento di diverse iniziative anche nei due giorni precedenti. <div id=\"videoincontent\" style=\"clear:both\";><\/div><\/p>\n\n\n\n<figure class=\"wp-block-image size-large\"><img loading=\"lazy\" width=\"1024\" height=\"768\" src=\"http:\/\/www.messinaoggi.it\/website\/wp-content\/uploads\/2025\/01\/IMG-20250122-WA0037-1024x768.jpg\" alt=\"\" class=\"wp-image-226006\" srcset=\"https:\/\/www.messinaoggi.it\/website\/wp-content\/uploads\/2025\/01\/IMG-20250122-WA0037-1024x768.jpg 1024w, https:\/\/www.messinaoggi.it\/website\/wp-content\/uploads\/2025\/01\/IMG-20250122-WA0037-300x225.jpg 300w, https:\/\/www.messinaoggi.it\/website\/wp-content\/uploads\/2025\/01\/IMG-20250122-WA0037-768x576.jpg 768w, https:\/\/www.messinaoggi.it\/website\/wp-content\/uploads\/2025\/01\/IMG-20250122-WA0037-1536x1152.jpg 1536w, https:\/\/www.messinaoggi.it\/website\/wp-content\/uploads\/2025\/01\/IMG-20250122-WA0037.jpg 2000w\" sizes=\"(max-width: 1024px) 100vw, 1024px\" \/><\/figure>\n\n\n\n<figure class=\"wp-block-image size-large\"><img loading=\"lazy\" width=\"1024\" height=\"768\" src=\"http:\/\/www.messinaoggi.it\/website\/wp-content\/uploads\/2025\/01\/IMG-20250122-WA0023-1024x768.jpg\" alt=\"\" class=\"wp-image-226000\" srcset=\"https:\/\/www.messinaoggi.it\/website\/wp-content\/uploads\/2025\/01\/IMG-20250122-WA0023-1024x768.jpg 1024w, https:\/\/www.messinaoggi.it\/website\/wp-content\/uploads\/2025\/01\/IMG-20250122-WA0023-300x225.jpg 300w, https:\/\/www.messinaoggi.it\/website\/wp-content\/uploads\/2025\/01\/IMG-20250122-WA0023-768x576.jpg 768w, https:\/\/www.messinaoggi.it\/website\/wp-content\/uploads\/2025\/01\/IMG-20250122-WA0023-1536x1152.jpg 1536w, https:\/\/www.messinaoggi.it\/website\/wp-content\/uploads\/2025\/01\/IMG-20250122-WA0023.jpg 2000w\" sizes=\"(max-width: 1024px) 100vw, 1024px\" \/><\/figure>\n\n\n\n<p>\u00c8 stata anche un&#8217;opportunit\u00e0 per consegnare al presidente della Repubblica il Dottorato Honoris Causa in Scienze della Pubblica Amministrazione. Dopo il Gaudeamus Igitur diretto dai maestri Giulio e Umberto Arena, la giornata \u00e8 stata aperta dalla Rettrice, che ha citato <strong>Gaetano Martino<\/strong>, ispiratore della Conferenza che ha poi aperto la strada ai Trattati di Roma. La Rettrice ha ringraziato il presidente per la sua presenza, che si intreccia con la memoria della Conferenza, che \u00e8 stata un momento cruciale per l&#8217;integrazione europea. <\/p>\n\n\n\n<p>Spatari ha infine auspicato che l&#8217;Ateneo possa essere strumento di &#8220;una nuova stagione di progresso e unit\u00e0&#8221; e ha augurato ai giovani di &#8220;essere protagonisti del cambiamento, cercare risposte ma anche porre domande&#8221; cruciali per il futuro. <\/p>\n\n\n\n<figure class=\"wp-block-image size-large\"><img loading=\"lazy\" width=\"1024\" height=\"768\" src=\"http:\/\/www.messinaoggi.it\/website\/wp-content\/uploads\/2025\/01\/IMG-20250122-WA0033-1024x768.jpg\" alt=\"\" class=\"wp-image-226005\" srcset=\"https:\/\/www.messinaoggi.it\/website\/wp-content\/uploads\/2025\/01\/IMG-20250122-WA0033-1024x768.jpg 1024w, https:\/\/www.messinaoggi.it\/website\/wp-content\/uploads\/2025\/01\/IMG-20250122-WA0033-300x225.jpg 300w, https:\/\/www.messinaoggi.it\/website\/wp-content\/uploads\/2025\/01\/IMG-20250122-WA0033-768x576.jpg 768w, https:\/\/www.messinaoggi.it\/website\/wp-content\/uploads\/2025\/01\/IMG-20250122-WA0033-1536x1152.jpg 1536w, https:\/\/www.messinaoggi.it\/website\/wp-content\/uploads\/2025\/01\/IMG-20250122-WA0033.jpg 2000w\" sizes=\"(max-width: 1024px) 100vw, 1024px\" \/><figcaption>La Rettrice Giovanna Spatari<\/figcaption><\/figure>\n\n\n\n<p>Ha preso poi la parola il rappresentante del Personale tecnico-amministrativo, il dott. <strong>Domenico Quartarone<\/strong>, che ha a sua volta ringraziato Mattarella per la sua presenza oggi, &#8220;segno tangibile della sua attenzione alle istituzioni culturali del Paese&#8221;. Quartarone ha ricordato come il personale, che lui rappresenta, \u00e8 la struttura portante e silenziosa dell&#8217;Ateneo, e ha posto enfasi su lavoro di squadra, cooperazione e dialogo per raggiungere gli obiettivi fissati, valori pi\u00f9 volte citati dal presidente. <\/p>\n\n\n\n<figure class=\"wp-block-image size-large\"><img loading=\"lazy\" width=\"1024\" height=\"768\" src=\"http:\/\/www.messinaoggi.it\/website\/wp-content\/uploads\/2025\/01\/IMG-20250122-WA0017-1024x768.jpg\" alt=\"\" class=\"wp-image-225997\" srcset=\"https:\/\/www.messinaoggi.it\/website\/wp-content\/uploads\/2025\/01\/IMG-20250122-WA0017-1024x768.jpg 1024w, https:\/\/www.messinaoggi.it\/website\/wp-content\/uploads\/2025\/01\/IMG-20250122-WA0017-300x225.jpg 300w, https:\/\/www.messinaoggi.it\/website\/wp-content\/uploads\/2025\/01\/IMG-20250122-WA0017-768x576.jpg 768w, https:\/\/www.messinaoggi.it\/website\/wp-content\/uploads\/2025\/01\/IMG-20250122-WA0017-1536x1152.jpg 1536w, https:\/\/www.messinaoggi.it\/website\/wp-content\/uploads\/2025\/01\/IMG-20250122-WA0017.jpg 2000w\" sizes=\"(max-width: 1024px) 100vw, 1024px\" \/><figcaption>Domenico Quartarone, rappresentante del personale tecnico amministrativo <\/figcaption><\/figure>\n\n\n\n<p>La rappresentante degli studenti <strong>Chiara Furlan<\/strong> ha parlato dei valori che l&#8217;hanno ispirata e che l&#8217;hanno portata ad Unime, &#8220;Sogno, pensiero e libert\u00e0&#8221;, e delle sue origini radicate nel Nord Italia e la scelta di restare qui, andando oltre la dicotomia Nord-Sud. Il suo discorso \u00e8 stato anche occasione per ricordare <strong>Lorena Quaranta<\/strong> e il fenomeno delle violenze fisiche, psicologiche e verbali, che spesso vedono vittima le donne. Ha auspicato che in futuro le donne non siano pi\u00f9 vittime, ma libere di autodeterminarsi.<\/p>\n\n\n\n<figure class=\"wp-block-image size-large\"><img loading=\"lazy\" width=\"1024\" height=\"768\" src=\"http:\/\/www.messinaoggi.it\/website\/wp-content\/uploads\/2025\/01\/IMG-20250122-WA0013-1024x768.jpg\" alt=\"\" class=\"wp-image-225996\" srcset=\"https:\/\/www.messinaoggi.it\/website\/wp-content\/uploads\/2025\/01\/IMG-20250122-WA0013-1024x768.jpg 1024w, https:\/\/www.messinaoggi.it\/website\/wp-content\/uploads\/2025\/01\/IMG-20250122-WA0013-300x225.jpg 300w, https:\/\/www.messinaoggi.it\/website\/wp-content\/uploads\/2025\/01\/IMG-20250122-WA0013-768x576.jpg 768w, https:\/\/www.messinaoggi.it\/website\/wp-content\/uploads\/2025\/01\/IMG-20250122-WA0013-1536x1152.jpg 1536w, https:\/\/www.messinaoggi.it\/website\/wp-content\/uploads\/2025\/01\/IMG-20250122-WA0013.jpg 2000w\" sizes=\"(max-width: 1024px) 100vw, 1024px\" \/><figcaption>Chiara Furlan, rappresentante degli studenti <\/figcaption><\/figure>\n\n\n\n<p>La laudatio del Presidente emerito della Corte Costituzionale, prof. <strong>Gaetano Silvestri<\/strong>, ha tracciato e analizzato il percorso di uomo politico e delle istituzioni del presidente Mattarella, descritto come &#8220;studioso raffinato di diritto costituzionale e parlamentare&#8221; che ha applicato le sue competenze in varie esperienze, come quelle da ministro, da vicepresidente del Consiglio dei Ministri e da giudice della Corte Costituzionale, e attraverso riforme come quella del sistema elettorale, famosa ai pi\u00f9 come Mattarellum. Quest&#8217;ultima \u00e8 stata, secondo Silvestri, &#8220;un esempio di equilibrio non pi\u00f9 seguito&#8221; nelle successive leggi elettorali. <\/p>\n\n\n\n<figure class=\"wp-block-image size-large\"><img loading=\"lazy\" width=\"1024\" height=\"768\" src=\"http:\/\/www.messinaoggi.it\/website\/wp-content\/uploads\/2025\/01\/IMG-20250122-WA0011-1024x768.jpg\" alt=\"\" class=\"wp-image-225995\" srcset=\"https:\/\/www.messinaoggi.it\/website\/wp-content\/uploads\/2025\/01\/IMG-20250122-WA0011-1024x768.jpg 1024w, https:\/\/www.messinaoggi.it\/website\/wp-content\/uploads\/2025\/01\/IMG-20250122-WA0011-300x225.jpg 300w, https:\/\/www.messinaoggi.it\/website\/wp-content\/uploads\/2025\/01\/IMG-20250122-WA0011-768x576.jpg 768w, https:\/\/www.messinaoggi.it\/website\/wp-content\/uploads\/2025\/01\/IMG-20250122-WA0011-1536x1152.jpg 1536w, https:\/\/www.messinaoggi.it\/website\/wp-content\/uploads\/2025\/01\/IMG-20250122-WA0011.jpg 2000w\" sizes=\"(max-width: 1024px) 100vw, 1024px\" \/><figcaption>Gaetano Silvestri, presidente emerito della Corte Costituzionale <\/figcaption><\/figure>\n\n\n\n<p>Riprendendo quanto detto da Silvestri, la prof.ssa <strong>Daniela Novarese<\/strong>, ordinaria di Storia delle Istituzioni Politiche e delegata all\u2019Archivio Storico UniMe, nonch\u00e9 coordinatrice del Dottorato in Scienze Politiche, ha brevemente espresso le motivazioni del conferimento del titolo al Capo dello Stato. <\/p>\n\n\n\n<figure class=\"wp-block-image size-large\"><img loading=\"lazy\" width=\"1024\" height=\"768\" src=\"http:\/\/www.messinaoggi.it\/website\/wp-content\/uploads\/2025\/01\/IMG-20250122-WA0010-1024x768.jpg\" alt=\"\" class=\"wp-image-225994\" srcset=\"https:\/\/www.messinaoggi.it\/website\/wp-content\/uploads\/2025\/01\/IMG-20250122-WA0010-1024x768.jpg 1024w, https:\/\/www.messinaoggi.it\/website\/wp-content\/uploads\/2025\/01\/IMG-20250122-WA0010-300x225.jpg 300w, https:\/\/www.messinaoggi.it\/website\/wp-content\/uploads\/2025\/01\/IMG-20250122-WA0010-768x576.jpg 768w, https:\/\/www.messinaoggi.it\/website\/wp-content\/uploads\/2025\/01\/IMG-20250122-WA0010-1536x1152.jpg 1536w, https:\/\/www.messinaoggi.it\/website\/wp-content\/uploads\/2025\/01\/IMG-20250122-WA0010.jpg 2000w\" sizes=\"(max-width: 1024px) 100vw, 1024px\" \/><figcaption>Daniela Novarese, coordinatrice del Dottorato in Scienze Politiche <\/figcaption><\/figure>\n\n\n\n<p>Mattarella ha pronunciato una lunga e dettagliata lectio doctoralis, trattando lo sviluppo dell&#8217;integrazione europea dalla Conferenza di Messina e dai Trattati di Roma ad oggi, tracciandone i benefici ed anche i limiti, e il modo in cui il diritto europeo ha interagito di volta in volta, settore per settore, con quelli nazionali. <\/p>\n\n\n\n<p>Il presidente ha pi\u00f9 volte tenuto a sottolineare come l&#8217;obiettivo dell&#8217;integrazione europea \u00e8 stato sin dall&#8217;inizio costruire la Pace, attraverso gli strumenti della condivisione del governo dell&#8217;economia, dell&#8217;energia e della difesa. <\/p>\n\n\n\n<figure class=\"wp-block-image size-large\"><img loading=\"lazy\" width=\"1024\" height=\"461\" src=\"http:\/\/www.messinaoggi.it\/website\/wp-content\/uploads\/2025\/01\/IMG-20250122-WA0048-1024x461.jpg\" alt=\"\" class=\"wp-image-226008\" srcset=\"https:\/\/www.messinaoggi.it\/website\/wp-content\/uploads\/2025\/01\/IMG-20250122-WA0048-1024x461.jpg 1024w, https:\/\/www.messinaoggi.it\/website\/wp-content\/uploads\/2025\/01\/IMG-20250122-WA0048-300x135.jpg 300w, https:\/\/www.messinaoggi.it\/website\/wp-content\/uploads\/2025\/01\/IMG-20250122-WA0048-768x345.jpg 768w, https:\/\/www.messinaoggi.it\/website\/wp-content\/uploads\/2025\/01\/IMG-20250122-WA0048-1536x691.jpg 1536w, https:\/\/www.messinaoggi.it\/website\/wp-content\/uploads\/2025\/01\/IMG-20250122-WA0048.jpg 2048w\" sizes=\"(max-width: 1024px) 100vw, 1024px\" \/><figcaption>Sergio Mattarella durante la sua lectio doctoralis <\/figcaption><\/figure>\n\n\n\n<p>I valori della Pace sono stati pi\u00f9 volte citati, non solo dal presidente Mattarella ma anche da Furlan, che ha sottolineato nel suo discorso, rifacendosi ai messaggi spesso portati avanti dal Capo dello Stato, che &#8220;Pace non significa sottomettersi alla prepotenza di chi aggredisce altri paesi con le armi&#8221;. <\/p>\n\n\n\n<p>In conclusione, la Rettrice ha dichiarato aperto l&#8217;anno accademico 2024\/25 e si \u00e8 soffermata ancora un po&#8217; a parlare con il presidente Mattarella.<\/p>\n","protected":false},"excerpt":{"rendered":"<p>Si \u00e8 svolta oggi la Cerimonia di inaugurazione dell&#8217;anno accademico 2024\/25 dell&#8217;Universit\u00e0 degli studi di Messina. Si tratta della prima volta che un presidente della Repubblica vi prende parte. \u00c8 stato non solo un momento per fare il punto sui risultati raggiunti dall&#8217;Ateneo nell&#8217;anno appena trascorso, fatto in apertura dalla Magnifica Rettrice Giovanna Spatari, ma [&hellip;]<\/p>\n","protected":false},"author":15,"featured_media":226008,"comment_status":"open","ping_status":"open","sticky":false,"template":"","format":"standard","meta":{"ub_ctt_via":"","_mi_skip_tracking":false},"categories":[5,19],"tags":[8301,4056,2562,612,9291,814],"featured_image_src":"https:\/\/www.messinaoggi.it\/website\/wp-content\/uploads\/2025\/01\/IMG-20250122-WA0048.jpg","author_info":{"display_name":"red.me","author_link":"https:\/\/www.messinaoggi.it\/website\/author\/red-me\/"},"digistream_id":0,"digistream":false,"_links":{"self":[{"href":"https:\/\/www.messinaoggi.it\/website\/wp-json\/wp\/v2\/posts\/225985"}],"collection":[{"href":"https:\/\/www.messinaoggi.it\/website\/wp-json\/wp\/v2\/posts"}],"about":[{"href":"https:\/\/www.messinaoggi.it\/website\/wp-json\/wp\/v2\/types\/post"}],"author":[{"embeddable":true,"href":"https:\/\/www.messinaoggi.it\/website\/wp-json\/wp\/v2\/users\/15"}],"replies":[{"embeddable":true,"href":"https:\/\/www.messinaoggi.it\/website\/wp-json\/wp\/v2\/comments?post=225985"}],"version-history":[{"count":12,"href":"https:\/\/www.messinaoggi.it\/website\/wp-json\/wp\/v2\/posts\/225985\/revisions"}],"predecessor-version":[{"id":226013,"href":"https:\/\/www.messinaoggi.it\/website\/wp-json\/wp\/v2\/posts\/225985\/revisions\/226013"}],"wp:featuredmedia":[{"embeddable":true,"href":"https:\/\/www.messinaoggi.it\/website\/wp-json\/wp\/v2\/media\/226008"}],"wp:attachment":[{"href":"https:\/\/www.messinaoggi.it\/website\/wp-json\/wp\/v2\/media?parent=225985"}],"wp:term":[{"taxonomy":"category","embeddable":true,"href":"https:\/\/www.messinaoggi.it\/website\/wp-json\/wp\/v2\/categories?post=225985"},{"taxonomy":"post_tag","embeddable":true,"href":"https:\/\/www.messinaoggi.it\/website\/wp-json\/wp\/v2\/tags?post=225985"}],"curies":[{"name":"wp","href":"https:\/\/api.w.org\/{rel}","templated":true}]}}