{"id":225770,"date":"2025-01-21T10:19:02","date_gmt":"2025-01-21T09:19:02","guid":{"rendered":"http:\/\/www.messinaoggi.it\/website\/?p=225770"},"modified":"2025-01-21T10:19:03","modified_gmt":"2025-01-21T09:19:03","slug":"fondi-fua-pd-critico-sulle-nomine-del-comune","status":"publish","type":"post","link":"https:\/\/www.messinaoggi.it\/website\/2025\/01\/21\/fondi-fua-pd-critico-sulle-nomine-del-comune\/","title":{"rendered":"Fondi FUA, PD critico sulle nomine del Comune"},"content":{"rendered":"\n<p>La nomina di tre esperte \u201cda destinare al supporto dell\u2019attivit\u00e0 di progettazione per l\u2019attuazione territoriale delle politiche di coesione 2021\/2027 della Regione Siciliana\u201d da parte del Comune di Messina sta facendo discutere. Si tratta di <strong>Loredana Bonasera, Alessandra Franza e Paola Lombardo<\/strong>. Le prime due, ad esempio, erano rispettivamente presidente e membro del cda Amam. I consiglieri comunali PD sono intervenuti in merito, criticando le figure selezionate: <div id=\"div-gpt-ad-Messinaoggi.it-DSK-300x250-corpoart\" style=\"text-align:center;margin:0 auto;\"><\/div><\/p>\n\n\n\n<p>&#8220;Le ultime ore ci hanno consegnato l\u2019ennesimo provvedimento di nomina di incarichi effettuati dall\u2019Amministrazione Basile a favore di soggetti che, al di l\u00e0 delle qualit\u00e0 professionali, presentano fortissimi dubbi sul piano della opportunit\u00e0 politica e del metodo.  Innanzitutto, le tre nomine a favore dei professionisti che, nel quadro dei finanziamenti comunitari F.U.A. a favore della nostra citt\u00e0, sono state effettuate lo scorso 16 gennaio confermano come la Giunta Basile, in perfetta continuit\u00e0 amministrativa e politica con quella De Luca, sembrerebbero privilegiare come valore essenziale la fiducia nel momento in cui sono effettuate le scelte&#8221; esordiscono in una nota i consiglieri Felice Calabr\u00f2, Antonella Russo ed Alessandro Russo.  <div id=\"videoincontent\" style=\"clear:both\";><\/div><\/p>\n\n\n\n<p>&#8220;Due ex componenti &#8211; tra cui l\u2019ex presidente &#8211; del CdA di Amam, assieme a una professionista vicina agli ambienti sindacali dell\u2019ex sindaco De Luca, rivestiranno i delicati compiti di esperti in redazione, gestione, rendicontazione di progettualit\u00e0 da far finanziare con fondi comunitari.   A tal proposito, ci appare davvero singolare e poco opportuno che due ex membri di consigli di amministrazione che la stessa amministrazione ha ritenuto di dover congedare soltanto qualche mese fa (per ragioni ovviamente connesse con una non sufficiente gestione della crisi idrica della citt\u00e0)  vengano a distanza di cos\u00ec poco tempo premiati in ruoli amministrativi cos\u00ec delicati.  Allo stesso tempo, la terza figura nominata, vicina ad ambienti dell\u2019ex sindaco De Luca, sembrerebbe rispondere anche quella a logiche di convenienza politica, al netto del profilo curriculare&#8221; spiegano nella nota.  <\/p>\n\n\n\n<p>&#8220;In secondo luogo, siamo colti da alcuni dubbi circa la piena corrispondenza tra i profili scelti e le caratteristiche che venivano richieste. In particolare, sulla progettazione per fondi comunitari, la gestione dei finanziamenti, la scrittura e la redazione di proposte progettuali, il monitoraggio e  la rendicontazione di fondi europei: campi di azione e di competenza che possiamo solo augurarci che siano effettivamente posseduti a un livello tale che possano essere di aiuto e supporto all\u2019azione dell\u2019amministrazione. Le precedenti attivit\u00e0 svolte dai profili scelti, sotto questo punto di vista, purtroppo non offrono una completa e soddisfacente copertura delle conoscenze dei settori richiesti, quindi, ancora una volta non vorremmo che, al netto della legittimit\u00e0 della scelta, l\u2019amministrazione abbia preferito l\u2019aspetto fiduciario della nomina&#8221; aggiungono i consiglieri. <\/p>\n\n\n\n<p>&#8220;Ancora, la tempistica delle tre nomine. Un bando aperto il 17 gennaio e concluso, festivit\u00e0 natalizie comprese, in esattamente 30 giorni. Un tempismo davvero stupefacente che arriva a conclusione in un mese esatto. Vogliamo sperare che questi tempi cos\u00ec ridotti non abbiano compresso troppo la fase di accertamento e valutazione di tutti i curricula presentati: la scelta effettuata, tuttavia, che ricade &#8211; del tutto casualmente, immaginiamo &#8211; sui tre profili di persone variamente legate in precedenza a questa amministrazione, qualche perplessit\u00e0 la suscita.  Un\u2019amara considerazione ci viene da fare in merito a tale vicenda. Dinanzi a episodi del genere, dove sembrerebbe che le scelte sembrano privilegiare pi\u00f9 la fiducia e la vicinanza politica che le valutazioni sul merito, ci domandiamo come faccia l\u2019amministrazione a vantarsi del risultato di essere stata capace di far tornare tanti talenti in citt\u00e0, tanti giovani che, ben lungi dalla vicinanza alle amministrazioni, pretendono giustamente di essere valutati solo per il proprio merito e proprio valore&#8221; concludono.  <\/p>\n","protected":false},"excerpt":{"rendered":"<p>La nomina di tre esperte \u201cda destinare al supporto dell\u2019attivit\u00e0 di progettazione per l\u2019attuazione territoriale delle politiche di coesione 2021\/2027 della Regione Siciliana\u201d da parte del Comune di Messina sta facendo discutere. Si tratta di Loredana Bonasera, Alessandra Franza e Paola Lombardo. Le prime due, ad esempio, erano rispettivamente presidente e membro del cda Amam. [&hellip;]<\/p>\n","protected":false},"author":15,"featured_media":125949,"comment_status":"open","ping_status":"open","sticky":false,"template":"","format":"standard","meta":{"ub_ctt_via":"","_mi_skip_tracking":false},"categories":[4,6],"tags":[6316,25,11293,11292,2050,9493,11294,5344,6650],"featured_image_src":"https:\/\/www.messinaoggi.it\/website\/wp-content\/uploads\/2022\/10\/Palazzo-Zanca.jpg","author_info":{"display_name":"red.me","author_link":"https:\/\/www.messinaoggi.it\/website\/author\/red-me\/"},"digistream_id":0,"digistream":false,"_links":{"self":[{"href":"https:\/\/www.messinaoggi.it\/website\/wp-json\/wp\/v2\/posts\/225770"}],"collection":[{"href":"https:\/\/www.messinaoggi.it\/website\/wp-json\/wp\/v2\/posts"}],"about":[{"href":"https:\/\/www.messinaoggi.it\/website\/wp-json\/wp\/v2\/types\/post"}],"author":[{"embeddable":true,"href":"https:\/\/www.messinaoggi.it\/website\/wp-json\/wp\/v2\/users\/15"}],"replies":[{"embeddable":true,"href":"https:\/\/www.messinaoggi.it\/website\/wp-json\/wp\/v2\/comments?post=225770"}],"version-history":[{"count":14,"href":"https:\/\/www.messinaoggi.it\/website\/wp-json\/wp\/v2\/posts\/225770\/revisions"}],"predecessor-version":[{"id":225784,"href":"https:\/\/www.messinaoggi.it\/website\/wp-json\/wp\/v2\/posts\/225770\/revisions\/225784"}],"wp:featuredmedia":[{"embeddable":true,"href":"https:\/\/www.messinaoggi.it\/website\/wp-json\/wp\/v2\/media\/125949"}],"wp:attachment":[{"href":"https:\/\/www.messinaoggi.it\/website\/wp-json\/wp\/v2\/media?parent=225770"}],"wp:term":[{"taxonomy":"category","embeddable":true,"href":"https:\/\/www.messinaoggi.it\/website\/wp-json\/wp\/v2\/categories?post=225770"},{"taxonomy":"post_tag","embeddable":true,"href":"https:\/\/www.messinaoggi.it\/website\/wp-json\/wp\/v2\/tags?post=225770"}],"curies":[{"name":"wp","href":"https:\/\/api.w.org\/{rel}","templated":true}]}}