{"id":225639,"date":"2025-01-20T08:44:39","date_gmt":"2025-01-20T07:44:39","guid":{"rendered":"http:\/\/www.messinaoggi.it\/website\/?p=225639"},"modified":"2025-01-20T08:44:40","modified_gmt":"2025-01-20T07:44:40","slug":"giubileo-della-comunicazione-la-sicilia-sara-presente","status":"publish","type":"post","link":"https:\/\/www.messinaoggi.it\/website\/2025\/01\/20\/giubileo-della-comunicazione-la-sicilia-sara-presente\/","title":{"rendered":"Giubileo della Comunicazione: la Sicilia sar\u00e0 presente"},"content":{"rendered":"\n<p>Si terr\u00e0 a Roma il Giubileo del Mondo della Comunicazione dal 24 al 26 gennaio, il primo dei 36 grandi eventi dell\u2019Anno giubilare, che richiamer\u00e0 a Roma giornalisti, esperti e operatori della comunicazione da tutto il mondo in occasione della festa di san Francesco di Sales, patrono dei giornalisti. Al primo evento giubilare sono particolarmente invitate tutte le figure professionali del mondo della comunicazione (giornalisti, operatori dei media, dirigenti e direttori di testata, membri dei CdA, videomaker, grafici, copywriter, pr, social media manager, tecnici audio e video, tipografi, informatici&#8230;). Anche dalla Sicilia ci sar\u00e0 una rappresentanza dei quotidiani, settimanali, periodici, emittenti televisive, radiofoniche, siti web, gruppi di comunicazione, socialmedia, webmaster, agenzia di stampa e dell\u2019Ucsi Sicilia guidati dal presidente Domenico Interdonato, dalla vice presidente Rossella Iannello,\u00a0\u00a0dal consulente ecclesiastico don Giuseppe Longo, dai consiglieri nazionali Gaetano Rizzo e Domenico Pantaleo, dal presidente del Collegio dei Garanti Antonio Foti, dalla segretaria Ucsi Sicilia Laura Simoncini, che \u00e8 anche presidente provinciale di Messina, dal tesoriere Angelo Di Tommaso e dai presidenti provinciali di Siracusa Alberto Lo Passo, Catania Lucio Di Mauro, Caltanissetta Fiorella Falci, la componente della sezione di Palermo Adele Di Trapani e il referente della Comunicazione di Missione e Carit\u00e0 di Biagio Conte, Riccardo Rossi, dalla presidente del Collegio di Disciplina Ucsi Sicilia Tommasa Siragusa, dalla segretaria Pierangela Cannone e da una rappresentanza di consiglieri regionali e soci. \u201cNoi giornalisti cattolici ci apprestiamo a partecipare come pellegrini al giubileo \u2013 ha detto il presidente regionale dell\u2019Ucsi Sicilia Domenico Interdonato &#8211; daremo il nostro contributo per iniziare un percorso di speranza e fiducia, perch\u00e9 tutti noi ne sentiamo la necessit\u00e0\u201d. L&#8217;evento si preannuncia come un&#8217;importante occasione di riflessione e confronto sulle sfide e le opportunit\u00e0 che la comunicazione offre nel contesto attuale. Il Giubileo dei comunicatori inizier\u00e0 nel pomeriggio di venerd\u00ec 24 e si concluder\u00e0 la mattina di domenica 26 gennaio con la Santa Messa nella Basilica di san Pietro presieduta da papa Francesco. L\u2019evento del giorno 24 gennaio 2025 si aprir\u00e0 con un momento di accoglienza internazionale dei pellegrini da parte della diocesi di Roma, nella Basilica cattedrale di San Giovanni in Laterano.\u00a0<div id=\"div-gpt-ad-Messinaoggi.it-DSK-300x250-corpoart\" style=\"text-align:center;margin:0 auto;\"><\/div><\/p>\n<div id=\"videoincontent\" style=\"clear:both\";><\/div>","protected":false},"excerpt":{"rendered":"<p>Si terr\u00e0 a Roma il Giubileo del Mondo della Comunicazione dal 24 al 26 gennaio, il primo dei 36 grandi eventi dell\u2019Anno giubilare, che richiamer\u00e0 a Roma giornalisti, esperti e operatori della comunicazione da tutto il mondo in occasione della festa di san Francesco di Sales, patrono dei giornalisti. Al primo evento giubilare sono particolarmente [&hellip;]<\/p>\n","protected":false},"author":2,"featured_media":225634,"comment_status":"open","ping_status":"open","sticky":false,"template":"","format":"standard","meta":{"ub_ctt_via":"","_mi_skip_tracking":false},"categories":[11],"tags":[],"featured_image_src":"https:\/\/www.messinaoggi.it\/website\/wp-content\/uploads\/2025\/01\/20250119_2058.jpg","author_info":{"display_name":"Redazione","author_link":"https:\/\/www.messinaoggi.it\/website\/author\/redazione\/"},"digistream_id":0,"digistream":false,"_links":{"self":[{"href":"https:\/\/www.messinaoggi.it\/website\/wp-json\/wp\/v2\/posts\/225639"}],"collection":[{"href":"https:\/\/www.messinaoggi.it\/website\/wp-json\/wp\/v2\/posts"}],"about":[{"href":"https:\/\/www.messinaoggi.it\/website\/wp-json\/wp\/v2\/types\/post"}],"author":[{"embeddable":true,"href":"https:\/\/www.messinaoggi.it\/website\/wp-json\/wp\/v2\/users\/2"}],"replies":[{"embeddable":true,"href":"https:\/\/www.messinaoggi.it\/website\/wp-json\/wp\/v2\/comments?post=225639"}],"version-history":[{"count":1,"href":"https:\/\/www.messinaoggi.it\/website\/wp-json\/wp\/v2\/posts\/225639\/revisions"}],"predecessor-version":[{"id":225641,"href":"https:\/\/www.messinaoggi.it\/website\/wp-json\/wp\/v2\/posts\/225639\/revisions\/225641"}],"wp:featuredmedia":[{"embeddable":true,"href":"https:\/\/www.messinaoggi.it\/website\/wp-json\/wp\/v2\/media\/225634"}],"wp:attachment":[{"href":"https:\/\/www.messinaoggi.it\/website\/wp-json\/wp\/v2\/media?parent=225639"}],"wp:term":[{"taxonomy":"category","embeddable":true,"href":"https:\/\/www.messinaoggi.it\/website\/wp-json\/wp\/v2\/categories?post=225639"},{"taxonomy":"post_tag","embeddable":true,"href":"https:\/\/www.messinaoggi.it\/website\/wp-json\/wp\/v2\/tags?post=225639"}],"curies":[{"name":"wp","href":"https:\/\/api.w.org\/{rel}","templated":true}]}}