{"id":22544,"date":"2018-07-27T23:53:07","date_gmt":"2018-07-27T21:53:07","guid":{"rendered":"http:\/\/www.messinaoggi.it\/website\/?p=22544"},"modified":"2018-07-27T23:53:07","modified_gmt":"2018-07-27T21:53:07","slug":"al-comando-partecipate-nella-rivoluzione-de-luca-ce-pure-il-suo-uomo-di-fiducia-lombardo-per-messinaservizi-eclissi-lunare-porta-consiglio","status":"publish","type":"post","link":"https:\/\/www.messinaoggi.it\/website\/2018\/07\/27\/al-comando-partecipate-nella-rivoluzione-de-luca-ce-pure-il-suo-uomo-di-fiducia-lombardo-per-messinaservizi-eclissi-lunare-porta-consiglio\/","title":{"rendered":"Al comando Partecipate nella rivoluzione De Luca c&#039;\u00e8 pure il suo uomo di fiducia Lombardo per MessinaServizi. Eclissi lunare porta consiglio"},"content":{"rendered":"<div class=\"td-header-wrap td-header-style-9\">\n<div class=\"td-header-menu-wrap-full\">\n<div class=\"td-header-menu-wrap td-header-gradient td-affix\">\n<div class=\"td-container td-header-row td-header-main-menu\">\n<div id=\"td-header-menu\" role=\"navigation\">\n<div class=\"td-main-menu-logo\" style=\"text-align: justify\"><span style=\"text-align: justify\">Uno dei nomi in vista per la conduzione delle Societ\u00e0 Partecipate era ed \u00e8 senza ombra di dubbio il presidente di Sicilia Vera, uomo di fiducia del sindaco di Messina e sostenitore in tutta la carriera\u00a0 e percorsi politici del sindaco di Messina.<\/span><\/div>\n<div><\/div>\n<div class=\"td-main-menu-logo\" style=\"text-align: justify\"><span style=\"text-align: justify\">La rivoluzione deluchiana profetizzata sta ponendo il suo accento questa sera insieme all&#8217;eclissi lunare con l&#8217;ufficializzazione di <strong>Giuseppe Lombardo<\/strong> come Presidente della MessinaServizi\u00a0Bene Comune. Del resto insieme al primo cittadino ha sempre spiattellato la bont\u00e0 del sistema di rifiuti zero a Santa Teresa. E poi le nuove squadre dei Consigli d&#8217;amministrazione delle Partecipate: insieme a Lombardo ci sono nella compagine burocratica Maria Interdonato e l&#8217;ex sindaco di Al\u00ec Terme Lorenzo Grasso e ancora di Atm, Amam e Teatro Vittorio Emanuele.<\/span><\/div>\n<\/div>\n<\/div>\n<\/div>\n<\/div>\n<\/div>\n<div class=\"td-main-content-wrap\">\n<div class=\"td-container td-post-template-default \">\n<div class=\"td-pb-row\">\n<div class=\"td-pb-span8 td-main-content\" role=\"main\">\n<div class=\"td-ss-main-content\">\n<article id=\"post-109138\" class=\"post-109138 post type-post status-publish format-standard has-post-thumbnail hentry category-attualita category-politica tag-apertura\">\n<div class=\"td-post-content\">\n<p style=\"text-align: justify\">All\u2019<strong>Atm\u00a0<\/strong>\u00e8 stato nominato\u00a0<strong>Giuseppe Campagna<\/strong>, che subentra a <strong>Giovanni Foti<\/strong>, mentre arrivano Roberto<strong>\u00a0Aquila Calabr\u00f2<\/strong>\u00a0e\u00a0<strong>Francesco Gallo<\/strong>, per soppiantare Simonetta Di Prima e Alberto Ciccone. Campagna \u00e8 dirigente della Fenapi. Calabr\u00f2 compariva tra le fila di Messina Nord, lista a supporto deluchiana nelle recenti Amministrative. Gallo ha trascorsi di componente di Giunta di Francantonio Genovese con delega alla Cultura.<div id=\"div-gpt-ad-Messinaoggi.it-DSK-300x250-corpoart\" style=\"text-align:center;margin:0 auto;\"><\/div><\/p>\n<p style=\"text-align: justify\">A controllare i bilanci dell\u2019<strong>Amam e il geologo Salvo<\/strong><strong>\u00a0Puccio che sostituisce l&#8217;avv.<\/strong>\u00a0Francesco Bonanno che ha vissuto pochi stralci\u00a0 del Management Accorinti\u00a0 e facendo le veci del Cda che invece si integra di Carlo<strong>\u00a0Cerreti\u00a0<\/strong>e Roberto<strong>\u00a0Cicala<\/strong>. Quest&#8217;ultimo ha instaurato gi\u00e0 un ruolo di consulenza informatica per Fenapi, l&#8217;altro \u00e8 stato consigliere provinciale dell&#8217;MPA ed \u00e8 Presidente del Movimento Liberi Insieme.<div id=\"videoincontent\" style=\"clear:both\";><\/div><\/p>\n<p style=\"text-align: justify\">Il Teatro &#8220;Vittorio Emanuele II&#8221; avr\u00e0 come Presidente il prof. di matematica del Liceo &#8220;Seguenza&#8221; e storico <strong>Enzo Caruso con la passione per i Forti Umbertini (tanto da aver scritto un libro sull&#8217;argomento, fondato il &#8220;Museo della Memoria&#8221; di Forte Cavalli a Larderia ed averne assunto la Presidenza). Per la quota Citt\u00e0 Metropolitana, tra gli esponenti del Cda \u00e8 stato designato, il produttore teatrale Giuseppe Ministeri, attuale guida del Conservatorio &#8220;Corelli&#8221; e dell&#8217;Associazione culturale &#8220;Daf&#8221;, oltre ad essere componente della Commissione Relazioni Internazionali del Conservatorio &#8220;Santa Cecilia&#8221; di Roma.<\/strong><\/p>\n<p style=\"text-align: justify\">Per la Regione Giovanni Riggio mantiene la sua posizione al momento e potrebbe conservarla nel Cda, se confermata dall&#8217;Assessorato. Resta il nodo Sovrintendente di nomina assessoriale palermitana.<\/p>\n<\/div>\n<\/article>\n<\/div>\n<\/div>\n<\/div>\n<\/div>\n<\/div>\n","protected":false},"excerpt":{"rendered":"<p>Uno dei nomi in vista per la conduzione delle Societ\u00e0 Partecipate era ed \u00e8 senza ombra di dubbio il presidente di Sicilia Vera, uomo di fiducia del sindaco di Messina e sostenitore in tutta la carriera\u00a0 e percorsi politici del sindaco di Messina. La rivoluzione deluchiana profetizzata sta ponendo il suo accento questa sera insieme [&hellip;]<\/p>\n","protected":false},"author":7,"featured_media":21185,"comment_status":"closed","ping_status":"open","sticky":false,"template":"","format":"standard","meta":{"ub_ctt_via":"","_mi_skip_tracking":false},"categories":[4,6],"tags":[],"featured_image_src":"https:\/\/www.messinaoggi.it\/website\/wp-content\/uploads\/2018\/06\/De-Luca-prima-di-entrare-nelle-stanze-amministrative-messinaoggiMarcyRuggi-1.jpg","author_info":{"display_name":"Redazione1","author_link":"https:\/\/www.messinaoggi.it\/website\/author\/redazione1\/"},"digistream_id":0,"digistream":false,"_links":{"self":[{"href":"https:\/\/www.messinaoggi.it\/website\/wp-json\/wp\/v2\/posts\/22544"}],"collection":[{"href":"https:\/\/www.messinaoggi.it\/website\/wp-json\/wp\/v2\/posts"}],"about":[{"href":"https:\/\/www.messinaoggi.it\/website\/wp-json\/wp\/v2\/types\/post"}],"author":[{"embeddable":true,"href":"https:\/\/www.messinaoggi.it\/website\/wp-json\/wp\/v2\/users\/7"}],"replies":[{"embeddable":true,"href":"https:\/\/www.messinaoggi.it\/website\/wp-json\/wp\/v2\/comments?post=22544"}],"version-history":[{"count":0,"href":"https:\/\/www.messinaoggi.it\/website\/wp-json\/wp\/v2\/posts\/22544\/revisions"}],"wp:featuredmedia":[{"embeddable":true,"href":"https:\/\/www.messinaoggi.it\/website\/wp-json\/wp\/v2\/media\/21185"}],"wp:attachment":[{"href":"https:\/\/www.messinaoggi.it\/website\/wp-json\/wp\/v2\/media?parent=22544"}],"wp:term":[{"taxonomy":"category","embeddable":true,"href":"https:\/\/www.messinaoggi.it\/website\/wp-json\/wp\/v2\/categories?post=22544"},{"taxonomy":"post_tag","embeddable":true,"href":"https:\/\/www.messinaoggi.it\/website\/wp-json\/wp\/v2\/tags?post=22544"}],"curies":[{"name":"wp","href":"https:\/\/api.w.org\/{rel}","templated":true}]}}