{"id":225378,"date":"2025-01-17T12:07:32","date_gmt":"2025-01-17T11:07:32","guid":{"rendered":"http:\/\/www.messinaoggi.it\/website\/?p=225378"},"modified":"2025-01-17T12:07:35","modified_gmt":"2025-01-17T11:07:35","slug":"mediterranea-messina-sale-a-bordo-si-sposta-online-a-causa-dellallerta-meteo","status":"publish","type":"post","link":"https:\/\/www.messinaoggi.it\/website\/2025\/01\/17\/mediterranea-messina-sale-a-bordo-si-sposta-online-a-causa-dellallerta-meteo\/","title":{"rendered":"Mediterranea: \u201cMessina Sale a Bordo\u201d si sposta online a causa dell\u2019allerta meteo"},"content":{"rendered":"\n<p>L\u2019incontro pubblico \u201cMessina Sale a Bordo\u201d, inizialmente previsto in presenza per venerd\u00ec 17 gennaio alle ore 17 presso il Dipartimento di Scienze Politiche e Giuridiche dell\u2019Universit\u00e0 degli Studi di Messina, si terr\u00e0 online a causa dell\u2019allerta meteo rossa diramata per la giornata.<div id=\"div-gpt-ad-Messinaoggi.it-DSK-300x250-corpoart\" style=\"text-align:center;margin:0 auto;\"><\/div><\/p>\n\n\n\n<p>L\u2019evento, organizzato per presentare l\u2019Equipaggio di terra di Messina di <strong><em>Mediterranea Saving Humans<\/em><\/strong>, vedr\u00e0 la partecipazione di <strong>Vittorio Alessandro<\/strong>, ammiraglio in congedo ed ex portavoce della Guardia costiera, e <strong>Alessandro Metz<\/strong>, armatore sociale della Mare Jonio e co-fondatore di Mediterranea.<div id=\"videoincontent\" style=\"clear:both\";><\/div><\/p>\n\n\n\n<p>L\u2019incontro sar\u00e0 introdotto da <strong>Alessandro Morelli<\/strong>, direttore del Dipartimento di Scienze Politiche e Giuridiche, e da <strong>Eugenio Cusumano<\/strong>, professore di Scienza Politica presso lo stesso Dipartimento. <\/p>\n\n\n\n<p>Sar\u00e0 arricchito dalle testimonianze di rappresentanti di realt\u00e0 cittadine: <strong>Ren\u00e8 Abu Joub<\/strong> (Coordinamento Messina Palestina), <strong>Ibrahima Fanguedou<\/strong> (mediatore interculturale), <strong>Carmelo Picciotto<\/strong> (avvocato\/ASGI), Giacinta Previte (operatrice legale SAI) e <strong>Anna Schepis<\/strong> (psichiatra e psicoterapeuta, Asp 5 CSM Messina Nord \u2013 Ambulatorio Migranti).<\/p>\n\n\n\n<p>L\u2019appuntamento sar\u00e0 un\u2019opportunit\u00e0 per scoprire il lavoro di Mediterranea Saving Humans, una piattaforma della societ\u00e0 civile impegnata in missioni di ricerca e soccorso nel Mediterraneo, nonch\u00e9 in attivit\u00e0 di sensibilizzazione e supporto nei Territori Occupati e in Ucraina.<\/p>\n\n\n\n<p>L\u2019Equipaggio di terra di Messina, quarto a costituirsi in Sicilia dopo quelli di Palermo, Ragusa e Alcamo, sar\u00e0 al centro dell\u2019incontro, con l\u2019obiettivo di rappresentare Mediterranea sul territorio attraverso iniziative di sensibilizzazione, monitoraggio e denuncia.<\/p>\n\n\n\n<p>Come partecipare:<\/p>\n\n\n\n<p>L\u2019incontro si terr\u00e0 su Google Meet, <a href=\"https:\/\/meet.google.com\/wgj-khxb-foj\" data-type=\"URL\" data-id=\"https:\/\/meet.google.com\/wgj-khxb-foj\">qui il link<\/a>. Si potr\u00e0 accedere anche tramite il QR code in locandina. <\/p>\n\n\n\n<figure class=\"wp-block-image size-large\"><img loading=\"lazy\" width=\"724\" height=\"1024\" src=\"https:\/\/www.messinaoggi.it\/website\/wp-content\/uploads\/2025\/01\/1000120629-724x1024.png\" alt=\"\" class=\"wp-image-225388\" srcset=\"https:\/\/www.messinaoggi.it\/website\/wp-content\/uploads\/2025\/01\/1000120629-724x1024.png 724w, https:\/\/www.messinaoggi.it\/website\/wp-content\/uploads\/2025\/01\/1000120629-212x300.png 212w, https:\/\/www.messinaoggi.it\/website\/wp-content\/uploads\/2025\/01\/1000120629-768x1086.png 768w, https:\/\/www.messinaoggi.it\/website\/wp-content\/uploads\/2025\/01\/1000120629-1086x1536.png 1086w, https:\/\/www.messinaoggi.it\/website\/wp-content\/uploads\/2025\/01\/1000120629-1448x2048.png 1448w\" sizes=\"(max-width: 724px) 100vw, 724px\" \/><\/figure>\n","protected":false},"excerpt":{"rendered":"<p>L\u2019incontro pubblico \u201cMessina Sale a Bordo\u201d, inizialmente previsto in presenza per venerd\u00ec 17 gennaio alle ore 17 presso il Dipartimento di Scienze Politiche e Giuridiche dell\u2019Universit\u00e0 degli Studi di Messina, si terr\u00e0 online a causa dell\u2019allerta meteo rossa diramata per la giornata. L\u2019evento, organizzato per presentare l\u2019Equipaggio di terra di Messina di Mediterranea Saving Humans, [&hellip;]<\/p>\n","protected":false},"author":15,"featured_media":225387,"comment_status":"open","ping_status":"open","sticky":false,"template":"","format":"standard","meta":{"ub_ctt_via":"","_mi_skip_tracking":false},"categories":[5,6],"tags":[11282,1594,11284],"featured_image_src":"https:\/\/www.messinaoggi.it\/website\/wp-content\/uploads\/2025\/01\/Presentazione-EdT-Messina_Online-e1737111904200.png","author_info":{"display_name":"red.me","author_link":"https:\/\/www.messinaoggi.it\/website\/author\/red-me\/"},"digistream_id":0,"digistream":false,"_links":{"self":[{"href":"https:\/\/www.messinaoggi.it\/website\/wp-json\/wp\/v2\/posts\/225378"}],"collection":[{"href":"https:\/\/www.messinaoggi.it\/website\/wp-json\/wp\/v2\/posts"}],"about":[{"href":"https:\/\/www.messinaoggi.it\/website\/wp-json\/wp\/v2\/types\/post"}],"author":[{"embeddable":true,"href":"https:\/\/www.messinaoggi.it\/website\/wp-json\/wp\/v2\/users\/15"}],"replies":[{"embeddable":true,"href":"https:\/\/www.messinaoggi.it\/website\/wp-json\/wp\/v2\/comments?post=225378"}],"version-history":[{"count":9,"href":"https:\/\/www.messinaoggi.it\/website\/wp-json\/wp\/v2\/posts\/225378\/revisions"}],"predecessor-version":[{"id":225389,"href":"https:\/\/www.messinaoggi.it\/website\/wp-json\/wp\/v2\/posts\/225378\/revisions\/225389"}],"wp:featuredmedia":[{"embeddable":true,"href":"https:\/\/www.messinaoggi.it\/website\/wp-json\/wp\/v2\/media\/225387"}],"wp:attachment":[{"href":"https:\/\/www.messinaoggi.it\/website\/wp-json\/wp\/v2\/media?parent=225378"}],"wp:term":[{"taxonomy":"category","embeddable":true,"href":"https:\/\/www.messinaoggi.it\/website\/wp-json\/wp\/v2\/categories?post=225378"},{"taxonomy":"post_tag","embeddable":true,"href":"https:\/\/www.messinaoggi.it\/website\/wp-json\/wp\/v2\/tags?post=225378"}],"curies":[{"name":"wp","href":"https:\/\/api.w.org\/{rel}","templated":true}]}}