{"id":225248,"date":"2025-01-16T11:33:03","date_gmt":"2025-01-16T10:33:03","guid":{"rendered":"http:\/\/www.messinaoggi.it\/website\/?p=225248"},"modified":"2025-01-16T19:47:11","modified_gmt":"2025-01-16T18:47:11","slug":"atreju-ricorda-matteo-bottari-e-chiede-notizie-sui-lavori-alla-casa-dello-studente","status":"publish","type":"post","link":"https:\/\/www.messinaoggi.it\/website\/2025\/01\/16\/atreju-ricorda-matteo-bottari-e-chiede-notizie-sui-lavori-alla-casa-dello-studente\/","title":{"rendered":"Atreju ricorda Matteo Bottari e chiede notizie sui lavori alla Casa dello Studente"},"content":{"rendered":"\n<p>Il 15 gennaio 1998, alle ore 21:20, nei pressi dell&#8217;incrocio tra il Viale Regina Elena ed il viale Annunziata, veniva assassinato, in circostanze ancora oggi misteriose, il prof. <strong>Matteo Bottari<\/strong>, primario di endoscopia e professore associato presso la Facolt\u00e0 di Medicina dell&#8217;Universit\u00e1 di Messina.  <div id=\"div-gpt-ad-Messinaoggi.it-DSK-300x250-corpoart\" style=\"text-align:center;margin:0 auto;\"><\/div><\/p>\n\n\n\n<p>A ventisette anni da quella tragica vicenda che colp\u00ec il nostro Ateneo e la Citt\u00e0 di Messina intera, il delitto non ha un n\u00e8 mandante n\u00e8 un movente.  Ieri, a distanza di oltre un quarto di secolo, una delegazione dell\u2019associazione Universitaria \u201cAtreju &#8211; La Compagnia degli Studenti\u201d, accompagnata dal senatore accademico <strong>Aurelio Bringheli<\/strong> e dal consigliere comunale <strong>Dario Carbone<\/strong> e dall\u2019avv. <strong>Armando Falliti<\/strong> ha incontrato il presidente dell\u2019ERSU <strong>Andrea D\u2019Aliberti<\/strong> ed i consiglieri del CDA <strong>Alberto Armone<\/strong> e <strong>Andrea Sciarrone<\/strong> al fine di chiedere notizie sulla procedura di riqualificazione della Casa dello Studente di via Cesare Battisti intitolata al prof. Bottari.   <div id=\"videoincontent\" style=\"clear:both\";><\/div><\/p>\n\n\n\n<p>\u201cRingraziamo per la disponibilit\u00e0 manifestata il Presidente ed i Consiglieri dell\u2019Ersu che ci hanno ricevuto in una giornata cos\u00ec significativa per la nostra comunit\u00e0\u201d ha dichiarato il Consigliere Carbone.  <\/p>\n\n\n\n<p>\u201cAbbiamo ritenuto opportuno commemorare il prof. Bottari con un incontro istituzionale volto a confrontarci circa lo stato dei lavori ed il futuro della Casa dello Studente che porta il suo nome. Non vi sarebbe gesto pi\u00f9 significativo per onorare la sua memoria che riportare alla luce la struttura a lui intitolata\u201d continua Carbone.    <\/p>\n\n\n\n<p>\u201cAuspichiamo che i lavori di riqualificazione possano iniziare entro la fine del 2025. L\u2019Associazione Atreju che sono onorato di rappresentare da tanti anni chiede giustizia per il prof. Matteo Bottari e si batte per la restituzione alla collettivit\u00e0 di questa struttura\u201d conclude Aurelio Bringheli, senatore accademico dell\u2019Universit\u00e1 degli Studi di Messina. <\/p>\n","protected":false},"excerpt":{"rendered":"<p>Il 15 gennaio 1998, alle ore 21:20, nei pressi dell&#8217;incrocio tra il Viale Regina Elena ed il viale Annunziata, veniva assassinato, in circostanze ancora oggi misteriose, il prof. Matteo Bottari, primario di endoscopia e professore associato presso la Facolt\u00e0 di Medicina dell&#8217;Universit\u00e1 di Messina. A ventisette anni da quella tragica vicenda che colp\u00ec il nostro [&hellip;]<\/p>\n","protected":false},"author":15,"featured_media":225254,"comment_status":"open","ping_status":"open","sticky":false,"template":"","format":"standard","meta":{"ub_ctt_via":"","_mi_skip_tracking":false},"categories":[5,6],"tags":[10955,1806,9397,612,9291,814],"featured_image_src":"https:\/\/www.messinaoggi.it\/website\/wp-content\/uploads\/2025\/01\/IMG_3775-scaled.jpg","author_info":{"display_name":"red.me","author_link":"https:\/\/www.messinaoggi.it\/website\/author\/red-me\/"},"digistream_id":0,"digistream":false,"_links":{"self":[{"href":"https:\/\/www.messinaoggi.it\/website\/wp-json\/wp\/v2\/posts\/225248"}],"collection":[{"href":"https:\/\/www.messinaoggi.it\/website\/wp-json\/wp\/v2\/posts"}],"about":[{"href":"https:\/\/www.messinaoggi.it\/website\/wp-json\/wp\/v2\/types\/post"}],"author":[{"embeddable":true,"href":"https:\/\/www.messinaoggi.it\/website\/wp-json\/wp\/v2\/users\/15"}],"replies":[{"embeddable":true,"href":"https:\/\/www.messinaoggi.it\/website\/wp-json\/wp\/v2\/comments?post=225248"}],"version-history":[{"count":5,"href":"https:\/\/www.messinaoggi.it\/website\/wp-json\/wp\/v2\/posts\/225248\/revisions"}],"predecessor-version":[{"id":225253,"href":"https:\/\/www.messinaoggi.it\/website\/wp-json\/wp\/v2\/posts\/225248\/revisions\/225253"}],"wp:featuredmedia":[{"embeddable":true,"href":"https:\/\/www.messinaoggi.it\/website\/wp-json\/wp\/v2\/media\/225254"}],"wp:attachment":[{"href":"https:\/\/www.messinaoggi.it\/website\/wp-json\/wp\/v2\/media?parent=225248"}],"wp:term":[{"taxonomy":"category","embeddable":true,"href":"https:\/\/www.messinaoggi.it\/website\/wp-json\/wp\/v2\/categories?post=225248"},{"taxonomy":"post_tag","embeddable":true,"href":"https:\/\/www.messinaoggi.it\/website\/wp-json\/wp\/v2\/tags?post=225248"}],"curies":[{"name":"wp","href":"https:\/\/api.w.org\/{rel}","templated":true}]}}