{"id":225135,"date":"2025-01-15T11:03:47","date_gmt":"2025-01-15T10:03:47","guid":{"rendered":"http:\/\/www.messinaoggi.it\/website\/?p=225135"},"modified":"2025-01-15T11:03:49","modified_gmt":"2025-01-15T10:03:49","slug":"la-iii-commissione-si-interroga-sul-polo-tecnologico-i-hub","status":"publish","type":"post","link":"https:\/\/www.messinaoggi.it\/website\/2025\/01\/15\/la-iii-commissione-si-interroga-sul-polo-tecnologico-i-hub\/","title":{"rendered":"La III Commissione si interroga sul polo tecnologico I-Hub"},"content":{"rendered":"\n<p>La lll Commissione consiliare si \u00e8 confrontata ieri sullo stato dei lavori del Polo tecnologico I-Hub. Secondo la presidente <strong>Emilia Rotondo<\/strong> (Lega) L&#8217;obiettivo \u00e8 quello di incalzare l&#8217;amministrazione sulle prospettive future della struttura. <div id=\"div-gpt-ad-Messinaoggi.it-DSK-300x250-corpoart\" style=\"text-align:center;margin:0 auto;\"><\/div><\/p>\n\n\n\n<p>&#8220;Ritengo di fondamentale importanza che periodicamente l&#8217;amministrazione comunale esponga quanto avviene e si confronti con questa Commissione in merito all&#8217;avanzamento dei lavori di questo progetto &#8211; dichiara Rotondo. &#8211; Un I-Hub realmente efficiente e attivo sar\u00e0 strategico per il futuro della nostra citt\u00e0. Adesso la sfida \u00e8 quella di consolidare il progetto attraverso un&#8217;azione coordinata che tenga conto delle esigenze del territorio. Fondamentali quindi spazi per lo smart working. Inoltre, raccogliendo l&#8217;appello che pi\u00f9 volte mi \u00e8 stato rivolto da numerosi messinesi, vista la penuria di spazi per la sosta in una zona intermodale come quella nonostante la presenza del Cavallotti, sollecito l&#8217;esame della possibilit\u00e0 che una parte dell&#8217;area possa essere convertita in parcheggio&#8221;.<div id=\"videoincontent\" style=\"clear:both\";><\/div><\/p>\n","protected":false},"excerpt":{"rendered":"<p>La lll Commissione consiliare si \u00e8 confrontata ieri sullo stato dei lavori del Polo tecnologico I-Hub. Secondo la presidente Emilia Rotondo (Lega) L&#8217;obiettivo \u00e8 quello di incalzare l&#8217;amministrazione sulle prospettive future della struttura. &#8220;Ritengo di fondamentale importanza che periodicamente l&#8217;amministrazione comunale esponga quanto avviene e si confronti con questa Commissione in merito all&#8217;avanzamento dei lavori [&hellip;]<\/p>\n","protected":false},"author":15,"featured_media":225139,"comment_status":"open","ping_status":"open","sticky":false,"template":"","format":"standard","meta":{"ub_ctt_via":"","_mi_skip_tracking":false},"categories":[4,6],"tags":[46,5689,7705,11273,2635,11274],"featured_image_src":"https:\/\/www.messinaoggi.it\/website\/wp-content\/uploads\/2025\/01\/Emilia-Rotondo.jpg","author_info":{"display_name":"red.me","author_link":"https:\/\/www.messinaoggi.it\/website\/author\/red-me\/"},"digistream_id":0,"digistream":false,"_links":{"self":[{"href":"https:\/\/www.messinaoggi.it\/website\/wp-json\/wp\/v2\/posts\/225135"}],"collection":[{"href":"https:\/\/www.messinaoggi.it\/website\/wp-json\/wp\/v2\/posts"}],"about":[{"href":"https:\/\/www.messinaoggi.it\/website\/wp-json\/wp\/v2\/types\/post"}],"author":[{"embeddable":true,"href":"https:\/\/www.messinaoggi.it\/website\/wp-json\/wp\/v2\/users\/15"}],"replies":[{"embeddable":true,"href":"https:\/\/www.messinaoggi.it\/website\/wp-json\/wp\/v2\/comments?post=225135"}],"version-history":[{"count":3,"href":"https:\/\/www.messinaoggi.it\/website\/wp-json\/wp\/v2\/posts\/225135\/revisions"}],"predecessor-version":[{"id":225138,"href":"https:\/\/www.messinaoggi.it\/website\/wp-json\/wp\/v2\/posts\/225135\/revisions\/225138"}],"wp:featuredmedia":[{"embeddable":true,"href":"https:\/\/www.messinaoggi.it\/website\/wp-json\/wp\/v2\/media\/225139"}],"wp:attachment":[{"href":"https:\/\/www.messinaoggi.it\/website\/wp-json\/wp\/v2\/media?parent=225135"}],"wp:term":[{"taxonomy":"category","embeddable":true,"href":"https:\/\/www.messinaoggi.it\/website\/wp-json\/wp\/v2\/categories?post=225135"},{"taxonomy":"post_tag","embeddable":true,"href":"https:\/\/www.messinaoggi.it\/website\/wp-json\/wp\/v2\/tags?post=225135"}],"curies":[{"name":"wp","href":"https:\/\/api.w.org\/{rel}","templated":true}]}}