{"id":225113,"date":"2025-01-15T10:27:25","date_gmt":"2025-01-15T09:27:25","guid":{"rendered":"http:\/\/www.messinaoggi.it\/website\/?p=225113"},"modified":"2025-01-15T10:27:26","modified_gmt":"2025-01-15T09:27:26","slug":"unime-mattarella-a-messina-definito-il-programma","status":"publish","type":"post","link":"https:\/\/www.messinaoggi.it\/website\/2025\/01\/15\/unime-mattarella-a-messina-definito-il-programma\/","title":{"rendered":"Unime, Mattarella a Messina: definito il programma"},"content":{"rendered":"\n<p>\u00c8 stato definito il programma della tre giorni che si concluder\u00e0 il 22 gennaio con la Cerimonia di inaugurazione dell\u2019Anno Accademico in cui ospite d\u2019onore sar\u00e0 il Presidente della Repubblica, Sergio Mattarella.<div id=\"div-gpt-ad-Messinaoggi.it-DSK-300x250-corpoart\" style=\"text-align:center;margin:0 auto;\"><\/div><\/p>\n\n\n\n<p>\u201cMessina Europa, 1955-2025\u201d \u00e8 il filo conduttore di una serie di iniziative per celebrare il 70\u00b0 Anniversario della \u201cConferenza di Messina\u201d, che faranno da cornice alla Cerimonia.<div id=\"videoincontent\" style=\"clear:both\";><\/div><\/p>\n\n\n\n<p>Nel plesso del Rettorato, luned\u00ec 20 a partire dalle ore 9, la sessione inaugurale sar\u00e0 introdotta dal prof. <strong>Alessandro Morelli<\/strong>, Direttore del Dipartimento di Scienze Politiche e Giuridiche, mentre le relazioni di docenti ed esperti saranno coordinate del prof. <strong>Luigi Chiara<\/strong>. <\/p>\n\n\n\n<p>La sessione pomeridiana, a partire dalle ore 15, sar\u00e0 introdotta e presieduta dal prof. <strong>Francesco Trimarchi<\/strong>, Direttore II classe (Scienze medico-biologiche) dell\u2019Accademia Peloritana dei Pericolanti.<\/p>\n\n\n\n<p>\u201cLe due giornate dedicate alla celebrazione del 70\u00b0 Anniversario della \u2018Conferenza di Messina\u2019 \u2013 ha detto il prof. Alessandro Morelli \u2013 rappresenteranno un\u2019occasione per riflettere e ricordare un evento fondamentale per l\u2019Europa. In particolare, i lavori saranno inaugurati affrontando una sessione dal taglio specificamente storico che mira a definire un bilancio sull\u2019incidenza che ha avuto la Conferenza nella prima, problematica fase di avvio del processo di integrazione europea. Autorevoli studiosi si soffermeranno anche sul ruolo dell\u2019allora Ministro degli Esteri, prof. Gaetano Martino, il quale ebbe un peso rilevante sia nell\u2019organizzazione dell\u2019incontro, sia nel conseguimento dei risultati che posero le basi per la firma del Trattato di Roma del 1957. Si discuter\u00e0 anche della dimensione etica e culturale che fu alla base dell\u2019integrazione degli Stati europei, al punto che Martino propose l\u2019istituzione di una Universit\u00e0 europea al fine di rafforzare una coscienza unitaria. Recuperare una visione cos\u00ec lungimirante \u00e8 molto importante in ottica presente e futura\u201d.<\/p>\n\n\n\n<p>La seconda giornata, marted\u00ec 21 con inizio sempre alle ore 9 al Rettorato, sar\u00e0 introdotta dal prof. <strong>Alessio Lo Giudice<\/strong>, Direttore del Dipartimento di Giurisprudenza, e coordinata dal prof. <strong>Giacomo D\u2019Amico<\/strong>. <\/p>\n\n\n\n<p>L\u2019evento si concluder\u00e0 con una tavola rotonda, a partire dalle ore 15, diretta dalla prof.ssa <strong>Lina Panella<\/strong>.<\/p>\n\n\n\n<p>\u201cNel corso del secondo giorno \u2013 ha aggiunto il prof. Alessio Lo Giudice \u2013 affronteremo argomenti che hanno l\u2019obiettivo di osservare quanto lo spirito della risoluzione di Messina, cio\u00e8 della dichiarazione che riuscirono ad elaborare nella terza giornata della Conferenza i Ministri degli Esteri della CECA, sia assolutamente attuale ed importante da recuperare per innescare ulteriormente il processo di integrazione europea. Nella risoluzione di Messina viene enfatizzata la necessit\u00e0 di trovare metodi per integrare il mercato comune a livello europeo e tutto ci\u00f2, oggi, significa occuparsi di temi essenziali che coniugano la sensibilit\u00e0 economica alla garanzia dei servizi sociali per i cittadini. Non a caso, la prima sessione del 21 gennaio riguarder\u00e0 giuridicamente i beni pubblici europei, vale a dire l\u2019insieme dei beni essenziali che riguardano la qualit\u00e0 della vita del popolo europeo. Tra questi figurano, ad esempio, l\u2019ambiente e la salute uniti alla necessit\u00e0 di una cooperazione finanziaria per garantire benessere sociale. Successivamente, il focus degli studiosi si sposter\u00e0 sullo spazio pubblico europeo, ovvero, un altro tratto distintivo della Conferenza di Messina che \u00e8 essenziale riprendere per sentirci sempre pi\u00f9 una comunit\u00e0 coesa\u201d.<\/p>\n\n\n\n<p>Mercoled\u00ec 22 gennaio, alle ore 11 presso il Teatro Vittorio Emanuele, poi, la Cerimonia di inaugurazione dell\u2019Anno Accademico, a cui sar\u00e0 presente il Capo dello Stato. Oltre all\u2019intervento della Rettrice, <strong>Giovanna Spatari<\/strong>, sono previsti quelli del Rappresentante del Personale T.A., <strong>Domenico Quartarone<\/strong>, e della Rappresentante degli studenti, <strong>Chiara Furlan<\/strong>. <\/p>\n\n\n\n<p>Durante la cerimonia, al Presidente Mattarella verr\u00e0 conferito il Dottorato honoris causa in \u201cScienze delle Pubbliche Amministrazioni\u201d. La laudatio sar\u00e0 affidata al Presidente emerito della Corte Costituzionale, prof. <strong>Gaetano Silvestri<\/strong>, mentre la motivazione del conferimento sar\u00e0 enunciata dalla prof.ssa <strong>Daniela Novarese<\/strong>, Ordinaria di Storia delle Istituzioni Politiche e Delegata all\u2019Archivio Storico UniMe. <\/p>\n\n\n\n<p>Successivamente, il Presidente Mattarella, la cui presenza costituir\u00e0 un preziosissimo momento di approfondimento, confronto e riflessione, terr\u00e0 la sua lectio doctoralis.<\/p>\n","protected":false},"excerpt":{"rendered":"<p>\u00c8 stato definito il programma della tre giorni che si concluder\u00e0 il 22 gennaio con la Cerimonia di inaugurazione dell\u2019Anno Accademico in cui ospite d\u2019onore sar\u00e0 il Presidente della Repubblica, Sergio Mattarella. \u201cMessina Europa, 1955-2025\u201d \u00e8 il filo conduttore di una serie di iniziative per celebrare il 70\u00b0 Anniversario della \u201cConferenza di Messina\u201d, che faranno [&hellip;]<\/p>\n","protected":false},"author":15,"featured_media":194542,"comment_status":"open","ping_status":"open","sticky":false,"template":"","format":"standard","meta":{"ub_ctt_via":"","_mi_skip_tracking":false},"categories":[5,6],"tags":[2562,612,9291,814],"featured_image_src":"https:\/\/www.messinaoggi.it\/website\/wp-content\/uploads\/2024\/04\/20240415_1771.jpg","author_info":{"display_name":"red.me","author_link":"https:\/\/www.messinaoggi.it\/website\/author\/red-me\/"},"digistream_id":0,"digistream":false,"_links":{"self":[{"href":"https:\/\/www.messinaoggi.it\/website\/wp-json\/wp\/v2\/posts\/225113"}],"collection":[{"href":"https:\/\/www.messinaoggi.it\/website\/wp-json\/wp\/v2\/posts"}],"about":[{"href":"https:\/\/www.messinaoggi.it\/website\/wp-json\/wp\/v2\/types\/post"}],"author":[{"embeddable":true,"href":"https:\/\/www.messinaoggi.it\/website\/wp-json\/wp\/v2\/users\/15"}],"replies":[{"embeddable":true,"href":"https:\/\/www.messinaoggi.it\/website\/wp-json\/wp\/v2\/comments?post=225113"}],"version-history":[{"count":6,"href":"https:\/\/www.messinaoggi.it\/website\/wp-json\/wp\/v2\/posts\/225113\/revisions"}],"predecessor-version":[{"id":225119,"href":"https:\/\/www.messinaoggi.it\/website\/wp-json\/wp\/v2\/posts\/225113\/revisions\/225119"}],"wp:featuredmedia":[{"embeddable":true,"href":"https:\/\/www.messinaoggi.it\/website\/wp-json\/wp\/v2\/media\/194542"}],"wp:attachment":[{"href":"https:\/\/www.messinaoggi.it\/website\/wp-json\/wp\/v2\/media?parent=225113"}],"wp:term":[{"taxonomy":"category","embeddable":true,"href":"https:\/\/www.messinaoggi.it\/website\/wp-json\/wp\/v2\/categories?post=225113"},{"taxonomy":"post_tag","embeddable":true,"href":"https:\/\/www.messinaoggi.it\/website\/wp-json\/wp\/v2\/tags?post=225113"}],"curies":[{"name":"wp","href":"https:\/\/api.w.org\/{rel}","templated":true}]}}