{"id":22511,"date":"2018-07-27T13:09:21","date_gmt":"2018-07-27T11:09:21","guid":{"rendered":"http:\/\/www.messinaoggi.it\/website\/?p=22511"},"modified":"2018-07-27T13:09:21","modified_gmt":"2018-07-27T11:09:21","slug":"presentata-lundicesima-edizione-di-concerti-al-tramonto","status":"publish","type":"post","link":"https:\/\/www.messinaoggi.it\/website\/2018\/07\/27\/presentata-lundicesima-edizione-di-concerti-al-tramonto\/","title":{"rendered":"Presentata l&#039;undicesima edizione di Concerti al Tramonto"},"content":{"rendered":"<p><strong>Arisa, Nada, Morgan, Paolo Rossi, Mario Venuti<\/strong>\u00a0e\u00a0<strong>Marianne Mirage<\/strong>: questi i nomi dei artisti \u00a0che dal 10 al 23 agosto porteranno la grande musica sull&#8217;isola di Salina nello splendido scenario del giardino dell&#8217;Hotel Ravesi: un&#8217;undicesima edizione pronta a segnare un salto di qualit\u00e0 e un consolidamento del lavoro svolto in questi anni dai proprietari\u00a0<strong>Giuseppe<\/strong>\u00a0e\u00a0<strong>Lorenzo Siracusano<\/strong>. \u00a0Per il 2018 la direzione artistica \u00e8 stata curata da\u00a0<strong>Syria\u00a0<\/strong>e\u00a0<strong>Tony Canto<\/strong>. La cantante romana, ospite negli anni passati, ha voluto contribuito in modo decisivo alla programmazione della kermesse. &#8220;Concerti al tramonto&#8221; \u00e8 il titolo dell&#8217;iniziativa presentata oggi in conferenza stampa nel Salone delle Bandiere di Palazzo Zanca.<br \/>\n<img loading=\"lazy\" class=\"alignnone size-medium wp-image-22515\" src=\"http:\/\/www.messinaoggi.it\/website\/wp-content\/uploads\/2018\/07\/Morgan-234x300.jpg\" alt=\"\" width=\"234\" height=\"300\" \/><br \/>\nLa kermesse inizier\u00e0 venerd\u00ec \u00a010 agosto con la strepitosa voce di Morgan, artista eclettico e versatile che proporr\u00e0 un\u00a0<em>the best of\u00a0<\/em>della sua carriera al pianoforte e chitarra; luned\u00ec 13 agosto sar\u00e0 la volta di Arisa, una delle voci pi\u00f9 apprezzate e virtuose del panorama italiano, accompagnata dal musicista Giuseppe Barbera; gioved\u00ec 16 agosto, in scena Nada con &#8220;Musica leggera da camera&#8221;, che riprende il concerto &#8211; album &#8220;Nada Trio&#8221; e proporr\u00e0 successi del passato e pezzi della tradizione popolare, assieme al chitarrista jazz\/blues Andrea Mucciarelli; domenica 19, Paolo Rossi con &#8220;Serata di Teatro illegal&#8221;, mix tra musica, cabaret e teatro col suo stile inconfondibile; marted\u00ec 21 agosto Marianne Mirage, voce a met\u00e0 tra black, soul e jazz che ha aperto i concerti di Patti Smith e a Salina proporr\u00e0 anche l&#8217;ultimo singolo &#8220;Copacabana&#8221;; infine torna Mario Venuti, gi\u00e0 protagonista di altre edizioni della rassegna, per una serata conclusiva, gioved\u00ec 23 agosto, in cui spazier\u00e0 dai brani pi\u00f9 noti della sua carriera agli ultimi come &#8220;Caduto dalla stelle&#8221;, &#8220;Lasciati amare&#8221; e &#8220;Tutto questo mare&#8221;.<br \/>\n<img loading=\"lazy\" class=\"alignnone size-medium wp-image-22514\" src=\"http:\/\/www.messinaoggi.it\/website\/wp-content\/uploads\/2018\/07\/Mario-Venuti-300x300.jpg\" alt=\"\" width=\"300\" height=\"300\" \/><br \/>\nIl parterre del 2018 arricchisce lo storico della rassegna che in questi anni ha visto esibirsi, oltre agli stessi Tony Canto e Syria, voci del calibro di Paola Turci, Simone Cristicchi, Alessandro Mannarino, Renzo Rubino, Tosca, Francesco Sarcina delle Vibrazioni, Mario Venuti, Mauro Ermanno Giovanardi, Lello Analfino e i Tinturia, Patrizia Laquidara, Pilar, Valerio Aprea, il maestro Paolo Vivaldi, Mario Incudine, Rocco Barbaro, Andrea Rivera e tanti altri.<br \/>\nL\u2019estate eoliana \u00e8 ancora tutta da bere. E allora che la musica abbia inizio.<br \/>\n <div id=\"div-gpt-ad-Messinaoggi.it-DSK-300x250-corpoart\" style=\"text-align:center;margin:0 auto;\"><\/div><\/p>\n<div id=\"videoincontent\" style=\"clear:both\";><\/div>","protected":false},"excerpt":{"rendered":"<p>Arisa, Nada, Morgan, Paolo Rossi, Mario Venuti\u00a0e\u00a0Marianne Mirage: questi i nomi dei artisti \u00a0che dal 10 al 23 agosto porteranno la grande musica sull&#8217;isola di Salina nello splendido scenario del giardino dell&#8217;Hotel Ravesi: un&#8217;undicesima edizione pronta a segnare un salto di qualit\u00e0 e un consolidamento del lavoro svolto in questi anni dai proprietari\u00a0Giuseppe\u00a0e\u00a0Lorenzo Siracusano. \u00a0Per [&hellip;]<\/p>\n","protected":false},"author":5,"featured_media":22516,"comment_status":"closed","ping_status":"open","sticky":false,"template":"","format":"standard","meta":{"ub_ctt_via":"","_mi_skip_tracking":false},"categories":[17],"tags":[],"featured_image_src":"https:\/\/www.messinaoggi.it\/website\/wp-content\/uploads\/2018\/07\/Lorenzo-Siracusano-Tony-Canto-e-Giuseppe-Siracusano-conferenza-stampa-1.jpg","author_info":{"display_name":"Maria Antonella Saia","author_link":"https:\/\/www.messinaoggi.it\/website\/author\/m-saia\/"},"digistream_id":0,"digistream":false,"_links":{"self":[{"href":"https:\/\/www.messinaoggi.it\/website\/wp-json\/wp\/v2\/posts\/22511"}],"collection":[{"href":"https:\/\/www.messinaoggi.it\/website\/wp-json\/wp\/v2\/posts"}],"about":[{"href":"https:\/\/www.messinaoggi.it\/website\/wp-json\/wp\/v2\/types\/post"}],"author":[{"embeddable":true,"href":"https:\/\/www.messinaoggi.it\/website\/wp-json\/wp\/v2\/users\/5"}],"replies":[{"embeddable":true,"href":"https:\/\/www.messinaoggi.it\/website\/wp-json\/wp\/v2\/comments?post=22511"}],"version-history":[{"count":0,"href":"https:\/\/www.messinaoggi.it\/website\/wp-json\/wp\/v2\/posts\/22511\/revisions"}],"wp:featuredmedia":[{"embeddable":true,"href":"https:\/\/www.messinaoggi.it\/website\/wp-json\/wp\/v2\/media\/22516"}],"wp:attachment":[{"href":"https:\/\/www.messinaoggi.it\/website\/wp-json\/wp\/v2\/media?parent=22511"}],"wp:term":[{"taxonomy":"category","embeddable":true,"href":"https:\/\/www.messinaoggi.it\/website\/wp-json\/wp\/v2\/categories?post=22511"},{"taxonomy":"post_tag","embeddable":true,"href":"https:\/\/www.messinaoggi.it\/website\/wp-json\/wp\/v2\/tags?post=22511"}],"curies":[{"name":"wp","href":"https:\/\/api.w.org\/{rel}","templated":true}]}}