{"id":22507,"date":"2018-07-27T11:18:11","date_gmt":"2018-07-27T09:18:11","guid":{"rendered":"http:\/\/www.messinaoggi.it\/website\/?p=22507"},"modified":"2018-07-27T11:18:11","modified_gmt":"2018-07-27T09:18:11","slug":"sottile-dice-addio-a-fdi-il-partito-non-e-piu-fondato-sulla-meritocrazia","status":"publish","type":"post","link":"https:\/\/www.messinaoggi.it\/website\/2018\/07\/27\/sottile-dice-addio-a-fdi-il-partito-non-e-piu-fondato-sulla-meritocrazia\/","title":{"rendered":"Sottile dice addio a FdI: &quot;Il partito non \u00e8 pi\u00f9 fondato sulla meritocrazia&quot;"},"content":{"rendered":"<p>\u201c<span style=\"font-family: Arial, sans-serif\"><em>Oggi finisce ufficialmente la mia esperienza politica in Fratelli d\u2019Italia. Ho gi\u00e0 annunciato all\u2019onorevole Giorgia Meloni le mie irrevocabili dimissioni dalla Direzione Nazionale, dal ruolo di coordinatore provinciale e dal partito<\/em>\u201d. Cos\u00ec l&#8217;avvocato Giuseppe Sottile,\u00a0<\/span><span style=\"font-family: Arial, sans-serif\">ex consigliere comunale di Barcellona P.G. e co<\/span><span style=\"font-family: Arial, sans-serif\">fondatore della sezione provinciale messinese di FdI,\u00a0<\/span><span style=\"font-family: Arial, sans-serif\">annunciando cos\u00ec il termine della propria militanza all&#8217;interno del partito, in quanto ritenuto quest&#8217;utlimo responsabile di aver \u201c<em>tradito tutte le premesse sulle quali era stato fondato, ossia partecipazione, meritocrazia e pluralismo<\/em>\u201d. La decisione di Sottile \u00e8 infatti maturata dopo la delusione di alcune scelte verticistiche che lo hanno penalizzato durante la campagna elettorale per le politiche di quest&#8217;anno, quando \u00e8 stato inserito nella lista plurinominale al secondo posto, dietro l\u2019attuale deputata nazionale Ella Bucalo. <\/span><br \/>\n\u201c<span style=\"font-family: Arial, sans-serif\"><i>Lascio con grande rammarico perch\u00e9 ho creduto fortemente in questo progetto e per esso ho lavorato duramente per oltre 5 anni. Ma quando non c\u2019\u00e8 condivisione; quando le scelte vengono imposte dall\u2019alto in maniera autoreferenziale e secondo criteri tutt\u2019altro che meritocratici, imponendo logiche \u201cleaderiste\u201d degne del tanto vituperato berlusconismo, si \u00e8 costretti a prendere atto di non riconoscere pi\u00f9 il partito che si \u00e8 contribuito a costruire, almeno in provincia di Messina, dove i risultati sono sempre stati lusinghieri, dalle politiche del febbraio 2013 alle Europee del 2014, dalle regionali del 2017, fino alle politiche del marzo scorso, allorch\u00e9 a Messina scatt\u00f2 l\u2019unico seggio della Sicilia Orientale. Seggio conquistato nel plurinominale nonostante l\u2019inspiegabile mancata assegnazione di un collegio uninominale che facesse da traino e nonostante la provincia di Messina sia stata nel corso della campagna elettorale totalmente snobbata dai vertici di partito, che puntavano altrove. Del resto il mancato interesse per la provincia di Messina \u00e8 testimoniato dal deludente risultato delle recenti amministrative, frutto di scelte arroganti e poco avvedute<\/i>.<\/span><br \/>\n<span style=\"font-family: Arial, sans-serif\">\u201c<i>Porgo il mio saluto<\/i> \u2013 conclude Sottile con una frecciata alla deputata Bucalo pur senza nominarla \u2013 <i>all\u2019onorevole Giorgia Meloni, alla quale, pur non condividendo i metodi, riconosco grande carisma e spessore politico e a tutti gli amici di Fratelli d\u2019Italia, ai quali auguro migliori fortune. Dalla signora che grazie al sottoscritto ed a queste logiche distorte \u00e8 stata eletta nel collegio messinese mi aspetto il massimo impegno per il nostro territorio, affinch\u00e9 possa meritarsi il lauto stipendio di deputato<\/i>\u201d.<\/span><div id=\"div-gpt-ad-Messinaoggi.it-DSK-300x250-corpoart\" style=\"text-align:center;margin:0 auto;\"><\/div><\/p>\n<div id=\"videoincontent\" style=\"clear:both\";><\/div>","protected":false},"excerpt":{"rendered":"<p>\u201cOggi finisce ufficialmente la mia esperienza politica in Fratelli d\u2019Italia. Ho gi\u00e0 annunciato all\u2019onorevole Giorgia Meloni le mie irrevocabili dimissioni dalla Direzione Nazionale, dal ruolo di coordinatore provinciale e dal partito\u201d. Cos\u00ec l&#8217;avvocato Giuseppe Sottile,\u00a0ex consigliere comunale di Barcellona P.G. e cofondatore della sezione provinciale messinese di FdI,\u00a0annunciando cos\u00ec il termine della propria militanza all&#8217;interno [&hellip;]<\/p>\n","protected":false},"author":8,"featured_media":13401,"comment_status":"closed","ping_status":"open","sticky":false,"template":"","format":"standard","meta":{"ub_ctt_via":"","_mi_skip_tracking":false},"categories":[6],"tags":[],"featured_image_src":"https:\/\/www.messinaoggi.it\/website\/wp-content\/uploads\/2017\/12\/Giuseppe-Sottile-FdI-messinaoggiMR.jpg","author_info":{"display_name":"red..me","author_link":"https:\/\/www.messinaoggi.it\/website\/author\/redstage\/"},"digistream_id":0,"digistream":false,"_links":{"self":[{"href":"https:\/\/www.messinaoggi.it\/website\/wp-json\/wp\/v2\/posts\/22507"}],"collection":[{"href":"https:\/\/www.messinaoggi.it\/website\/wp-json\/wp\/v2\/posts"}],"about":[{"href":"https:\/\/www.messinaoggi.it\/website\/wp-json\/wp\/v2\/types\/post"}],"author":[{"embeddable":true,"href":"https:\/\/www.messinaoggi.it\/website\/wp-json\/wp\/v2\/users\/8"}],"replies":[{"embeddable":true,"href":"https:\/\/www.messinaoggi.it\/website\/wp-json\/wp\/v2\/comments?post=22507"}],"version-history":[{"count":0,"href":"https:\/\/www.messinaoggi.it\/website\/wp-json\/wp\/v2\/posts\/22507\/revisions"}],"wp:featuredmedia":[{"embeddable":true,"href":"https:\/\/www.messinaoggi.it\/website\/wp-json\/wp\/v2\/media\/13401"}],"wp:attachment":[{"href":"https:\/\/www.messinaoggi.it\/website\/wp-json\/wp\/v2\/media?parent=22507"}],"wp:term":[{"taxonomy":"category","embeddable":true,"href":"https:\/\/www.messinaoggi.it\/website\/wp-json\/wp\/v2\/categories?post=22507"},{"taxonomy":"post_tag","embeddable":true,"href":"https:\/\/www.messinaoggi.it\/website\/wp-json\/wp\/v2\/tags?post=22507"}],"curies":[{"name":"wp","href":"https:\/\/api.w.org\/{rel}","templated":true}]}}