{"id":22492,"date":"2018-07-27T09:49:15","date_gmt":"2018-07-27T07:49:15","guid":{"rendered":"http:\/\/www.messinaoggi.it\/website\/?p=22492"},"modified":"2018-07-27T09:49:15","modified_gmt":"2018-07-27T07:49:15","slug":"ciclismo-vincenzo-nibali-sotto-i-ferri-vuelta-e-mondiale-a-rischio","status":"publish","type":"post","link":"https:\/\/www.messinaoggi.it\/website\/2018\/07\/27\/ciclismo-vincenzo-nibali-sotto-i-ferri-vuelta-e-mondiale-a-rischio\/","title":{"rendered":"Ciclismo: Vincenzo Nibali sotto i ferri, Vuelta e Mondiale a rischio"},"content":{"rendered":"<p>Il destino sembra si stia accanendo contro Vincenzo Nibali: lo dimostrano la caduta alle Olimpiadi quando pregustava l&#8217;oro e l&#8217;incredibile epilogo al Tour de France.<br \/>\nIl campione di Messina\u00a0sar\u00e0 operato, probabilmente luned\u00ec mattina, nel tentativo di accorciare i tempi di guarigione della decima vertebra toracica, lesionata nella caduta provocata da un tifoso lungo la salita dell\u2019Alpe d\u2019Huez, lo scorso gioved\u00ec 19 luglio, durante la dodicesima tappa del Tour de France.<br \/>\nSi cercher\u00e0 di accelerare i tempi di recupero e permettergli di partecipare a fine agosto alla Vuelta di Spagna in preparazione del Mondiale su strada di domenica 30 settembre ad Innsbruck. &#8220;Ci\u00f2 che pi\u00f9 importa, per adesso, \u00e8 la salute di Vincenzo &#8211; ha sottolineato il medico della Bahrain, Emilio Magni &#8211; e ci stiamo muovendo in tal senso. Solo in un secondo tempo si valuteranno i tempi di recupero e la ripresa dell\u2019attivit\u00e0 agonistica&#8221;.<br \/>\nIl Mondiale, che per lo &#8220;Squalo dello Stretto&#8221; era il principale appuntamento stagionale insieme al Tour, non dovrebbe essere a rischio e ne siamo certi che Nibali si presenter\u00e0 ai nastri di partenza con la stessa rabbia agonistica con cui ha concluso la maledetta tappa dell&#8217;Alpe d&#8217;Huez per poi inchinarsi solo al dolore ed alla fatica.<br \/>\n<strong>Tonino Demana\u00a0\u00a0<\/strong><div id=\"div-gpt-ad-Messinaoggi.it-DSK-300x250-corpoart\" style=\"text-align:center;margin:0 auto;\"><\/div><\/p>\n<div id=\"videoincontent\" style=\"clear:both\";><\/div>","protected":false},"excerpt":{"rendered":"<p>Il destino sembra si stia accanendo contro Vincenzo Nibali: lo dimostrano la caduta alle Olimpiadi quando pregustava l&#8217;oro e l&#8217;incredibile epilogo al Tour de France. Il campione di Messina\u00a0sar\u00e0 operato, probabilmente luned\u00ec mattina, nel tentativo di accorciare i tempi di guarigione della decima vertebra toracica, lesionata nella caduta provocata da un tifoso lungo la salita [&hellip;]<\/p>\n","protected":false},"author":4,"featured_media":22493,"comment_status":"closed","ping_status":"open","sticky":false,"template":"","format":"standard","meta":{"ub_ctt_via":"","_mi_skip_tracking":false},"categories":[8,9],"tags":[],"featured_image_src":"https:\/\/www.messinaoggi.it\/website\/wp-content\/uploads\/2018\/07\/nibali-a-terra-1.jpg","author_info":{"display_name":"redme","author_link":"https:\/\/www.messinaoggi.it\/website\/author\/redme\/"},"digistream_id":0,"digistream":false,"_links":{"self":[{"href":"https:\/\/www.messinaoggi.it\/website\/wp-json\/wp\/v2\/posts\/22492"}],"collection":[{"href":"https:\/\/www.messinaoggi.it\/website\/wp-json\/wp\/v2\/posts"}],"about":[{"href":"https:\/\/www.messinaoggi.it\/website\/wp-json\/wp\/v2\/types\/post"}],"author":[{"embeddable":true,"href":"https:\/\/www.messinaoggi.it\/website\/wp-json\/wp\/v2\/users\/4"}],"replies":[{"embeddable":true,"href":"https:\/\/www.messinaoggi.it\/website\/wp-json\/wp\/v2\/comments?post=22492"}],"version-history":[{"count":0,"href":"https:\/\/www.messinaoggi.it\/website\/wp-json\/wp\/v2\/posts\/22492\/revisions"}],"wp:featuredmedia":[{"embeddable":true,"href":"https:\/\/www.messinaoggi.it\/website\/wp-json\/wp\/v2\/media\/22493"}],"wp:attachment":[{"href":"https:\/\/www.messinaoggi.it\/website\/wp-json\/wp\/v2\/media?parent=22492"}],"wp:term":[{"taxonomy":"category","embeddable":true,"href":"https:\/\/www.messinaoggi.it\/website\/wp-json\/wp\/v2\/categories?post=22492"},{"taxonomy":"post_tag","embeddable":true,"href":"https:\/\/www.messinaoggi.it\/website\/wp-json\/wp\/v2\/tags?post=22492"}],"curies":[{"name":"wp","href":"https:\/\/api.w.org\/{rel}","templated":true}]}}