{"id":22478,"date":"2018-07-26T19:10:38","date_gmt":"2018-07-26T17:10:38","guid":{"rendered":"http:\/\/www.messinaoggi.it\/website\/?p=22478"},"modified":"2018-07-26T19:10:38","modified_gmt":"2018-07-26T17:10:38","slug":"gran-finale-per-la-seconda-edizione-di-messina-piano-festival","status":"publish","type":"post","link":"https:\/\/www.messinaoggi.it\/website\/2018\/07\/26\/gran-finale-per-la-seconda-edizione-di-messina-piano-festival\/","title":{"rendered":"Gran finale per la seconda edizione  di Messina Piano Festival"},"content":{"rendered":"<p>La seconda edizione di Messina Piano Festival \u00e8 giunta al giro di boa.\u00a0 Domani e dopodomani gli\u00a0 ultimi due appuntamenti con la grande musica. Diretto da Giuseppe Grimaldi, organizzato col supporto della People on the Move di Claudio Prestopino e \u00a0patrocinato dal Comune di Messina e dall\u2019Azienda Ospedaliera Universitaria \u201cPoliclinico\u201d, l\u2019evento che avr\u00e0 luogo nella magica cornice di Villa Cianciafara, vedr\u00e0 protagonisti domani<strong> il pianista russo Feodor Amirov e dopodomani il grande Alberto Ferro per una serata di beneficienza per DonArte e Nemo Sud.<\/strong><br \/>\nUna rassegna, questa, \u00a0immaginata per portare il pianoforte fuori dalle sedi convenzionali e dare spazio a giovani pianisti emergenti. Spazio, dunque, \u00a0domani al pianista russo Feodor Amirov, interprete raffinato che ha all\u2019attivo concerti in giro per il mondo. \u00a0La rassegna si chiuder\u00e0, \u00a0invece, \u00a0sabato \u00a0col concerto di Alberto Ferro che torna al Messina Piano Festival. Il concerto del giovane e talentuoso pianista gelese \u00e8 inserito all\u2019interno del calendario DonARTE, musica e solidariet\u00e0 per il Centro Clinico NeMO Sud.<br \/>\n<img loading=\"lazy\" class=\"alignnone size-medium wp-image-22480\" src=\"http:\/\/www.messinaoggi.it\/website\/wp-content\/uploads\/2018\/07\/alberto-ferro4804-300x196.jpg\" alt=\"\" width=\"300\" height=\"196\" \/><br \/>\nIl ricavato della serata andr\u00e0 al Centro Clinico messinese che, da pi\u00f9 di 5 anni, sta al fianco di chi lotta contro una malattia neuromuscolare. Un&#8217;occasione per sostenere le attivit\u00e0 del Centro Clinico che ha sede presso il Policlinico \u201cGaetano Martino\u201d ed i cui operatori hanno conosciuto i volti e le storie di circa 3.000 persone affette da malattie quali SMA, SLA e distrofie muscolari. Per partecipare all\u2019evento \u2013 che prevede, oltre al concerto, un aperitivo a fine serata \u2013 prevendita presso Bisazza Gangi. I concerti avranno inizio alle ore 21.00, Villa Cianciafara invece aprir\u00e0 prima i suoi cancelli per accogliere il pubblico all\u2019interno dei suoi splendidi spazi, alla presenza del padrone di casa, l\u2019ingegnere Giuseppe Amedeo Mallandrino.<br \/>\nDue eventi imperdibili per un evento che sta regalando al pubblico infinite emozioni.<br \/>\n <div id=\"div-gpt-ad-Messinaoggi.it-DSK-300x250-corpoart\" style=\"text-align:center;margin:0 auto;\"><\/div><\/p>\n<div id=\"videoincontent\" style=\"clear:both\";><\/div>","protected":false},"excerpt":{"rendered":"<p>La seconda edizione di Messina Piano Festival \u00e8 giunta al giro di boa.\u00a0 Domani e dopodomani gli\u00a0 ultimi due appuntamenti con la grande musica. Diretto da Giuseppe Grimaldi, organizzato col supporto della People on the Move di Claudio Prestopino e \u00a0patrocinato dal Comune di Messina e dall\u2019Azienda Ospedaliera Universitaria \u201cPoliclinico\u201d, l\u2019evento che avr\u00e0 luogo nella [&hellip;]<\/p>\n","protected":false},"author":5,"featured_media":22479,"comment_status":"closed","ping_status":"open","sticky":false,"template":"","format":"standard","meta":{"ub_ctt_via":"","_mi_skip_tracking":false},"categories":[17],"tags":[],"featured_image_src":"https:\/\/www.messinaoggi.it\/website\/wp-content\/uploads\/2018\/07\/feodor-amirov-1.jpg","author_info":{"display_name":"Maria Antonella Saia","author_link":"https:\/\/www.messinaoggi.it\/website\/author\/m-saia\/"},"digistream_id":0,"digistream":false,"_links":{"self":[{"href":"https:\/\/www.messinaoggi.it\/website\/wp-json\/wp\/v2\/posts\/22478"}],"collection":[{"href":"https:\/\/www.messinaoggi.it\/website\/wp-json\/wp\/v2\/posts"}],"about":[{"href":"https:\/\/www.messinaoggi.it\/website\/wp-json\/wp\/v2\/types\/post"}],"author":[{"embeddable":true,"href":"https:\/\/www.messinaoggi.it\/website\/wp-json\/wp\/v2\/users\/5"}],"replies":[{"embeddable":true,"href":"https:\/\/www.messinaoggi.it\/website\/wp-json\/wp\/v2\/comments?post=22478"}],"version-history":[{"count":0,"href":"https:\/\/www.messinaoggi.it\/website\/wp-json\/wp\/v2\/posts\/22478\/revisions"}],"wp:featuredmedia":[{"embeddable":true,"href":"https:\/\/www.messinaoggi.it\/website\/wp-json\/wp\/v2\/media\/22479"}],"wp:attachment":[{"href":"https:\/\/www.messinaoggi.it\/website\/wp-json\/wp\/v2\/media?parent=22478"}],"wp:term":[{"taxonomy":"category","embeddable":true,"href":"https:\/\/www.messinaoggi.it\/website\/wp-json\/wp\/v2\/categories?post=22478"},{"taxonomy":"post_tag","embeddable":true,"href":"https:\/\/www.messinaoggi.it\/website\/wp-json\/wp\/v2\/tags?post=22478"}],"curies":[{"name":"wp","href":"https:\/\/api.w.org\/{rel}","templated":true}]}}