{"id":224769,"date":"2025-01-11T20:05:41","date_gmt":"2025-01-11T19:05:41","guid":{"rendered":"https:\/\/www.messinaoggi.it\/website\/2025\/01\/11\/centrodestra-tajani-leali-con-i-nostri-alleati-non-sottomessi\/"},"modified":"2025-01-11T20:05:41","modified_gmt":"2025-01-11T19:05:41","slug":"centrodestra-tajani-leali-con-i-nostri-alleati-non-sottomessi","status":"publish","type":"post","link":"https:\/\/www.messinaoggi.it\/website\/2025\/01\/11\/centrodestra-tajani-leali-con-i-nostri-alleati-non-sottomessi\/","title":{"rendered":"Centrodestra, Tajani \u201cLeali con i nostri alleati, non sottomessi\u201d"},"content":{"rendered":"<div>ROCCARASO (L&#8217;AQUILA) (ITALPRESS) &#8211; &#8220;Siamo diversi dai nostri alleati ma saremo leali fino alla fine. Leali non vuol dire sottomessi, significa dire la verit\u00e0&#8221;. Lo ha detto Antonio Tajani, segretario nazionale di Forza Italia, aprendo a Roccaraso l&#8217;iniziativa &#8220;Azzurri in vetta&#8221;.<br \/>&#8220;Siamo contro il terzo mandato perch\u00e8 \u00e8 bene che chi governa per dieci anni una regione non si trasformi in un padrone assoluto, e lasci il passo anche a un altro rappresentante della propria coalizione&#8221;, ha sottolineato il vicepremier e ministro degli Esteri.<br \/>&#8220;L&#8217;ultimo sondaggio ci d\u00e0 all&#8217;11,5%, non c&#8217;\u00e8 sondaggio che non ci dia in crescita costante ma vogliamo crescere ancora. Arriveremo al 20%. La forza di centro del centrodestra si chiama Forza Italia&#8221;, ha evidenziato Tajani.<br \/>&#8220;Avremo i congressi, e in ogni parte d&#8217;Italia dovremo mobilitarci per fare ancora di qui. E&#8217; vero che cresciamo, ma dobbiamo fare un salto di qualit\u00e0 organizzativo e politico. Cambieremo alcune cose&#8221;, ha proseguito.<br \/>&#8220;La riforma della giustizia non era un capriccio di Berlusconi, andremo avanti con grande determinazione &#8211; ha spiegato il vicepremier -. E&#8217; una riforma che interessa i cittadini italiani e l&#8217;economia del Paese. Una giustizia efficiente vuol dire favorire gli investimenti. Non \u00e8 una riforma che va a danneggiare l&#8217;immagine del magistrato, anzi innalza il ruolo del giudicante, non \u00e8 una mortificazione dei magistrati. E&#8217; un&#8217;esaltazione del processo giusto&#8221;.<br \/>Il segretario di Forza Italia ha parlato anche di cittadinanza:  &#8220;Nessuna marcia indietro sullo Ius Italiae, che non \u00e8 una proposta lassista. La cittadinanza \u00e8 una cosa seria. Noi vogliamo regole pi\u00f9 serie, magari anche pi\u00f9 severe, nessun cedimento, non c&#8217;entra niente con lo Ius Soli. Significa guardare a 900 mila studenti che frequentano scuole italiane, parlano italiano,si sentono italiani. Non ha nulla a che fare con chi delinque&#8221;.<div id=\"div-gpt-ad-Messinaoggi.it-DSK-300x250-corpoart\" style=\"text-align:center;margin:0 auto;\"><\/div><\/p>\n<p>\t&#8211; Foto Agenzia Fotogramma &#8211; <br \/>\t(ITALPRESS).<\/div>\n<div id=\"videoincontent\" style=\"clear:both\";><\/div>","protected":false},"excerpt":{"rendered":"<p>ROCCARASO (L&#8217;AQUILA) (ITALPRESS) &#8211; &#8220;Siamo diversi dai nostri alleati ma saremo leali fino alla fine. Leali non vuol dire sottomessi, significa dire la verit\u00e0&#8221;. Lo ha detto Antonio Tajani, segretario nazionale di Forza Italia, aprendo a Roccaraso l&#8217;iniziativa &#8220;Azzurri in vetta&#8221;.&#8220;Siamo contro il terzo mandato perch\u00e8 \u00e8 bene che chi governa per dieci anni una [&hellip;]<\/p>\n","protected":false},"author":18,"featured_media":224770,"comment_status":"closed","ping_status":"closed","sticky":false,"template":"","format":"standard","meta":{"ub_ctt_via":"","_mi_skip_tracking":false},"categories":[446],"tags":[783],"featured_image_src":"https:\/\/www.messinaoggi.it\/website\/wp-content\/uploads\/2025\/01\/20250111_0817.jpg","author_info":{"display_name":"Admin","author_link":"https:\/\/www.messinaoggi.it\/website\/author\/admin\/"},"digistream_id":0,"digistream":false,"_links":{"self":[{"href":"https:\/\/www.messinaoggi.it\/website\/wp-json\/wp\/v2\/posts\/224769"}],"collection":[{"href":"https:\/\/www.messinaoggi.it\/website\/wp-json\/wp\/v2\/posts"}],"about":[{"href":"https:\/\/www.messinaoggi.it\/website\/wp-json\/wp\/v2\/types\/post"}],"author":[{"embeddable":true,"href":"https:\/\/www.messinaoggi.it\/website\/wp-json\/wp\/v2\/users\/18"}],"replies":[{"embeddable":true,"href":"https:\/\/www.messinaoggi.it\/website\/wp-json\/wp\/v2\/comments?post=224769"}],"version-history":[{"count":0,"href":"https:\/\/www.messinaoggi.it\/website\/wp-json\/wp\/v2\/posts\/224769\/revisions"}],"wp:featuredmedia":[{"embeddable":true,"href":"https:\/\/www.messinaoggi.it\/website\/wp-json\/wp\/v2\/media\/224770"}],"wp:attachment":[{"href":"https:\/\/www.messinaoggi.it\/website\/wp-json\/wp\/v2\/media?parent=224769"}],"wp:term":[{"taxonomy":"category","embeddable":true,"href":"https:\/\/www.messinaoggi.it\/website\/wp-json\/wp\/v2\/categories?post=224769"},{"taxonomy":"post_tag","embeddable":true,"href":"https:\/\/www.messinaoggi.it\/website\/wp-json\/wp\/v2\/tags?post=224769"}],"curies":[{"name":"wp","href":"https:\/\/api.w.org\/{rel}","templated":true}]}}