{"id":224729,"date":"2025-01-10T20:05:39","date_gmt":"2025-01-10T19:05:39","guid":{"rendered":"https:\/\/www.messinaoggi.it\/website\/2025\/01\/10\/nuovo-organigramma-lega-a-simonelli-puntiamo-a-crescere\/"},"modified":"2025-01-10T20:05:39","modified_gmt":"2025-01-10T19:05:39","slug":"nuovo-organigramma-lega-a-simonelli-puntiamo-a-crescere","status":"publish","type":"post","link":"https:\/\/www.messinaoggi.it\/website\/2025\/01\/10\/nuovo-organigramma-lega-a-simonelli-puntiamo-a-crescere\/","title":{"rendered":"Nuovo organigramma Lega A, Simonelli \u201cPuntiamo a crescere\u201d"},"content":{"rendered":"<div>MILANO (ITALPRESS) &#8211; E&#8217; stato completato oggi il nuovo organigramma della Lega Serie A capeggiata da Ezio Simonelli. Nell&#8217;assemblea odierna \u00e8 stato rieletto l&#8217;amministratore delegato Luigi De Siervo (17 voti), come Consiglieri di Lega rappresentanti delle societ\u00e0 sono stati confermati Paolo Scaroni (presidente del Milan, 17 voti), Luca Percassi (ad Atalanta, 16 voti) e Tommaso Giulini (presidente del Cagliari, 15 voti). La novit\u00e0 \u00e8 Claudio Fenucci (ad del Bologna, 15 voti) che andr\u00e0 a sostituire Maurizio Setti (Verona). Il consigliere indipendente sar\u00e0 invece Lamberto Tacoli. &#8220;Oggi siamo riusciti a completare la governance &#8211; ha dichiarato Simonelli nella conferenza stampa al termine dei lavori -, sono felice che l&#8217;amministratore delegato abbia raccolto 17 voti, questo conferma la bont\u00e0 del lavoro fatto e sono convinto sar\u00e0 anche da stimolo per il futuro. Abbiamo gi\u00e0 fatto tante cose da quando sono entrato in carica, ho visto una Lega che, rispetto a quando avevo lasciato sei anni fa, ha cambiato pelle&#8221;. Il nuovo presidente non si \u00e8 voluto sbilanciare sui primi punti su cui interverr\u00e0 la nuova governance: &#8220;I problemi del calcio li sappiamo: non abbiamo avuto alcun indennizzo per i danni da Covid, io ho un pallino che \u00e8 quello di avere un bonus per i vivai che potrebbe servire anche per la Nazionale. Spero che anche grazie a investimenti per i vivai si possa tornare ad una Nazionale vincente a livello europeo e mondiale. Non chiediamo niente che non sia gi\u00e0 nel nostro ordinamento &#8211; ha aggiunto -. Le imprese gi\u00e0 ottengono bonus per gli investimenti o bonus fiscali come quelli per il cinema. Ma noi chiediamo solo di applicare le regole esistenti anche al mondo del calcio. Vorrei una Lega che pensi a crescere, a ingrandire la torta e non a rubare la torta, non ai litigi. Se siamo uniti possiamo migliorare il prodotto e l&#8217;offerta. Ho detto ai presidenti che la credibilit\u00e0 la devono dare loro, con i loro modi di comportarsi. Vogliamo presentarci bene&#8221;. Si lavora anche per rafforzare la coesione con la Federazione, nelle prossime settimane inoltre verranno scelti anche i consiglieri federali. Manca l&#8217;ufficialit\u00e0 ma i nomi dovrebbero essere quelli di Giuseppe Marotta (presidente dell&#8217;Inter), Francesco Calvo (Managing Director Revenue &amp; Institutional Relations della Juventus) e Stefano Campoccia (vicepresidente dell&#8217;Udinese). Si chiude anche il capitolo relativo al ricorso del Napoli in merito all&#8217;elezione dello stesso Simonelli (respinto dal Tribunale di Milano, nelle ultime ore si \u00e8 parlato anche di una possibile penalizzazione di tre punti in classifica): &#8220;La proclamazione \u00e8 un&#8217;invenzione, non esiste nel codice civile e nello statuto, esiste in un diritto che non \u00e8 quello attuale. Era qualcosa costruito sul niente. Il Napoli, resosi conto dell&#8217;errore procedurale, ha ritirato il ricorso, il presidente De Laurentiis mi ha chiamato dicendo che c&#8217;\u00e8 stato un malinteso, per me \u00e8 un capitolo chiuso. Poi delle questioni federali non me ne occupo io&#8221;. <br \/>&#8211; Foto Image &#8211;<br \/>(ITALPRESS).<\/div>\n<div id=\"div-gpt-ad-Messinaoggi.it-DSK-300x250-corpoart\" style=\"text-align:center;margin:0 auto;\"><\/div><\/p><div id=\"videoincontent\" style=\"clear:both\";><\/div>","protected":false},"excerpt":{"rendered":"<p>MILANO (ITALPRESS) &#8211; E&#8217; stato completato oggi il nuovo organigramma della Lega Serie A capeggiata da Ezio Simonelli. Nell&#8217;assemblea odierna \u00e8 stato rieletto l&#8217;amministratore delegato Luigi De Siervo (17 voti), come Consiglieri di Lega rappresentanti delle societ\u00e0 sono stati confermati Paolo Scaroni (presidente del Milan, 17 voti), Luca Percassi (ad Atalanta, 16 voti) e Tommaso [&hellip;]<\/p>\n","protected":false},"author":18,"featured_media":224730,"comment_status":"closed","ping_status":"closed","sticky":false,"template":"","format":"standard","meta":{"ub_ctt_via":"","_mi_skip_tracking":false},"categories":[446],"tags":[783],"featured_image_src":"https:\/\/www.messinaoggi.it\/website\/wp-content\/uploads\/2025\/01\/20250110_1966.jpg","author_info":{"display_name":"Admin","author_link":"https:\/\/www.messinaoggi.it\/website\/author\/admin\/"},"digistream_id":0,"digistream":false,"_links":{"self":[{"href":"https:\/\/www.messinaoggi.it\/website\/wp-json\/wp\/v2\/posts\/224729"}],"collection":[{"href":"https:\/\/www.messinaoggi.it\/website\/wp-json\/wp\/v2\/posts"}],"about":[{"href":"https:\/\/www.messinaoggi.it\/website\/wp-json\/wp\/v2\/types\/post"}],"author":[{"embeddable":true,"href":"https:\/\/www.messinaoggi.it\/website\/wp-json\/wp\/v2\/users\/18"}],"replies":[{"embeddable":true,"href":"https:\/\/www.messinaoggi.it\/website\/wp-json\/wp\/v2\/comments?post=224729"}],"version-history":[{"count":0,"href":"https:\/\/www.messinaoggi.it\/website\/wp-json\/wp\/v2\/posts\/224729\/revisions"}],"wp:featuredmedia":[{"embeddable":true,"href":"https:\/\/www.messinaoggi.it\/website\/wp-json\/wp\/v2\/media\/224730"}],"wp:attachment":[{"href":"https:\/\/www.messinaoggi.it\/website\/wp-json\/wp\/v2\/media?parent=224729"}],"wp:term":[{"taxonomy":"category","embeddable":true,"href":"https:\/\/www.messinaoggi.it\/website\/wp-json\/wp\/v2\/categories?post=224729"},{"taxonomy":"post_tag","embeddable":true,"href":"https:\/\/www.messinaoggi.it\/website\/wp-json\/wp\/v2\/tags?post=224729"}],"curies":[{"name":"wp","href":"https:\/\/api.w.org\/{rel}","templated":true}]}}