{"id":224615,"date":"2025-01-10T10:17:29","date_gmt":"2025-01-10T09:17:29","guid":{"rendered":"http:\/\/www.messinaoggi.it\/website\/?p=224615"},"modified":"2025-01-10T10:17:30","modified_gmt":"2025-01-10T09:17:30","slug":"ex-sanderson-schifani-sul-posto-con-il-sindaco-chiamati-a-fare-un-miracolo","status":"publish","type":"post","link":"https:\/\/www.messinaoggi.it\/website\/2025\/01\/10\/ex-sanderson-schifani-sul-posto-con-il-sindaco-chiamati-a-fare-un-miracolo\/","title":{"rendered":"Ex Sanderson, Schifani sul posto con il sindaco: &#8220;Chiamati a fare un miracolo&#8221;"},"content":{"rendered":"\n<p>Dopo la firma del Piano Citt\u00e0 degli immobili, che prevede opere di riqualificazione e rigenerazione urbana a Messina, momento a cui era presente anche il presidente della Regione Sicilia <strong>Renato Schifani<\/strong>, in qualit\u00e0 di commissario al risanamento, quest&#8217;ultimo si \u00e8 recato ieri, nel primo pomeriggio, presso l&#8217;area ex Sanderson, assieme al sindaco di Messina <strong>Federico Basile<\/strong>, per un sopralluogo ed un incontro con la stampa. <div id=\"div-gpt-ad-Messinaoggi.it-DSK-300x250-corpoart\" style=\"text-align:center;margin:0 auto;\"><\/div><\/p>\n\n\n\n<p>La ricognizione segue l&#8217;approvazione nella legge di Stabilit\u00e0 regionale di una norma che ha sancito il passaggio dell&#8217;ex sito industriale dall\u2019Ente di sviluppo agricolo (Esa) al Comune di Messina. <div id=\"videoincontent\" style=\"clear:both\";><\/div><\/p>\n\n\n\n<p>\u00abPer disegnare il futuro di quest&#8217;area \u00e8 gi\u00e0 in corso una progettazione avviata dal precedente governo regionale e non definitivamente conclusa, per cui c&#8217;\u00e8 la disponibilit\u00e0 della Regione a promuovere un incontro con i progettisti, affinch\u00e9 possano recepire suggerimenti, integrazioni, modifiche che l&#8217;amministrazione comunale di Messina ha il diritto e il dovere di proporre, nel pieno rispetto della collaborazione istituzionale\u00bb. Lo ha detto Schifani, facendo riferimento al progetto <em>&#8220;U locu da fera&#8221;<\/em>, proposto in passato dal Governo regionale di <strong>Nello Musumeci<\/strong>, che per\u00f2 non ha mai incontrato il favore del <strong>Comitato<\/strong> di cittadini che chiede la bonifica e il recupero dell&#8217;area, che fanno invece solitamente riferimento agli esiti della <strong>Coped Summer School<\/strong>, nell&#8217;ambito della quale studenti provenienti da universit\u00e0 americane ed italiane hanno fatto diverse proposte di recupero, anche attraverso il sondaggio dei bisogni degli abitanti di Tremestieri. <\/p>\n\n\n\n<figure class=\"wp-block-image size-large\"><img loading=\"lazy\" width=\"853\" height=\"1024\" src=\"http:\/\/www.messinaoggi.it\/website\/wp-content\/uploads\/2025\/01\/FB_IMG_1736500355757-853x1024.jpg\" alt=\"\" class=\"wp-image-224623\" srcset=\"https:\/\/www.messinaoggi.it\/website\/wp-content\/uploads\/2025\/01\/FB_IMG_1736500355757-853x1024.jpg 853w, https:\/\/www.messinaoggi.it\/website\/wp-content\/uploads\/2025\/01\/FB_IMG_1736500355757-250x300.jpg 250w, https:\/\/www.messinaoggi.it\/website\/wp-content\/uploads\/2025\/01\/FB_IMG_1736500355757-768x922.jpg 768w, https:\/\/www.messinaoggi.it\/website\/wp-content\/uploads\/2025\/01\/FB_IMG_1736500355757.jpg 1117w\" sizes=\"(max-width: 853px) 100vw, 853px\" \/><\/figure>\n\n\n\n<p>\u00abRiuscire a cambiare per sempre questo scenario che abbiamo sotto gli occhi &#8211; ha aggiunto Schifani &#8211; sar\u00e0 un \u201cmiracolo\u201d a vantaggio dei cittadini e di tutta la comunit\u00e0. Le amministrazioni che vogliono lavorare bene sanno essere pienamente operative. La sfida del nostro governo \u00e8 proprio questa, velocizzare la burocrazia favorendo la cultura del fare. Per raggiungere questo obiettivo confido sul rinnovamento della classe dirigente della nostra Regione\u00bb. <\/p>\n\n\n\n<p>\u00abPartiamo da una progettazione condivisa per ridare questo pezzo di citt\u00e0 ai cittadini &#8211; ha sottolineato il sindaco Basile &#8211; poi c&#8217;\u00e8 il tema della bonifica dell&#8217;area, per la quale ci sono gi\u00e0 le risorse. Per la riqualificazione, poi, contiamo sui fondi comunitari destinati alla rigenerazione urbana. E questo \u00e8 senz&#8217;altro un caso che vi rientra pienamente\u00bb.<\/p>\n\n\n\n<figure class=\"wp-block-image size-large\"><img loading=\"lazy\" width=\"768\" height=\"1024\" src=\"http:\/\/www.messinaoggi.it\/website\/wp-content\/uploads\/2025\/01\/FB_IMG_1736500365526-768x1024.jpg\" alt=\"\" class=\"wp-image-224626\" srcset=\"https:\/\/www.messinaoggi.it\/website\/wp-content\/uploads\/2025\/01\/FB_IMG_1736500365526-768x1024.jpg 768w, https:\/\/www.messinaoggi.it\/website\/wp-content\/uploads\/2025\/01\/FB_IMG_1736500365526-225x300.jpg 225w, https:\/\/www.messinaoggi.it\/website\/wp-content\/uploads\/2025\/01\/FB_IMG_1736500365526-1152x1536.jpg 1152w, https:\/\/www.messinaoggi.it\/website\/wp-content\/uploads\/2025\/01\/FB_IMG_1736500365526.jpg 1536w\" sizes=\"(max-width: 768px) 100vw, 768px\" \/><figcaption>Area ex Sanderson<\/figcaption><\/figure>\n\n\n\n<p>Basile ha spiegato sui propri social che quest&#8217;area &#8220;rappresenta un pezzo importante della storia della nostra citt\u00e0\u00bb.<\/p>\n\n\n\n<p>Questo pomeriggio il sindaco incontrer\u00e0 anche il &#8220;Comitato Ex Sanderson&#8221; che da tempo si occupa di questa questione. \u00abLa bonifica rappresenta la priorit\u00e0 assoluta, da cui partire prima di pensare alla realizzazione. Dal presidente Schifani abbiamo avuto rassicurazioni rispetto al grande impegno che ci attende\u00bb. <\/p>\n\n\n\n<p>Il sindaco ha rimarcato come Schifani abbia ironicamente affermato che \u00abdopo oltre 40 anni di abbandono oggi siamo chiamati a fare un miracolo\u00bb ed ha rassicurato: \u00abIo sono fiducioso che questo miracolo riusciremo a farlo, per noi parla la nostra storia amministrativa\u00bb.<\/p>\n","protected":false},"excerpt":{"rendered":"<p>Dopo la firma del Piano Citt\u00e0 degli immobili, che prevede opere di riqualificazione e rigenerazione urbana a Messina, momento a cui era presente anche il presidente della Regione Sicilia Renato Schifani, in qualit\u00e0 di commissario al risanamento, quest&#8217;ultimo si \u00e8 recato ieri, nel primo pomeriggio, presso l&#8217;area ex Sanderson, assieme al sindaco di Messina Federico [&hellip;]<\/p>\n","protected":false},"author":15,"featured_media":224624,"comment_status":"open","ping_status":"open","sticky":false,"template":"","format":"standard","meta":{"ub_ctt_via":"","_mi_skip_tracking":false},"categories":[4,6],"tags":[9346,2771,2972,1817,6299],"featured_image_src":"https:\/\/www.messinaoggi.it\/website\/wp-content\/uploads\/2025\/01\/FB_IMG_1736500370651.jpg","author_info":{"display_name":"red.me","author_link":"https:\/\/www.messinaoggi.it\/website\/author\/red-me\/"},"digistream_id":0,"digistream":false,"_links":{"self":[{"href":"https:\/\/www.messinaoggi.it\/website\/wp-json\/wp\/v2\/posts\/224615"}],"collection":[{"href":"https:\/\/www.messinaoggi.it\/website\/wp-json\/wp\/v2\/posts"}],"about":[{"href":"https:\/\/www.messinaoggi.it\/website\/wp-json\/wp\/v2\/types\/post"}],"author":[{"embeddable":true,"href":"https:\/\/www.messinaoggi.it\/website\/wp-json\/wp\/v2\/users\/15"}],"replies":[{"embeddable":true,"href":"https:\/\/www.messinaoggi.it\/website\/wp-json\/wp\/v2\/comments?post=224615"}],"version-history":[{"count":9,"href":"https:\/\/www.messinaoggi.it\/website\/wp-json\/wp\/v2\/posts\/224615\/revisions"}],"predecessor-version":[{"id":224627,"href":"https:\/\/www.messinaoggi.it\/website\/wp-json\/wp\/v2\/posts\/224615\/revisions\/224627"}],"wp:featuredmedia":[{"embeddable":true,"href":"https:\/\/www.messinaoggi.it\/website\/wp-json\/wp\/v2\/media\/224624"}],"wp:attachment":[{"href":"https:\/\/www.messinaoggi.it\/website\/wp-json\/wp\/v2\/media?parent=224615"}],"wp:term":[{"taxonomy":"category","embeddable":true,"href":"https:\/\/www.messinaoggi.it\/website\/wp-json\/wp\/v2\/categories?post=224615"},{"taxonomy":"post_tag","embeddable":true,"href":"https:\/\/www.messinaoggi.it\/website\/wp-json\/wp\/v2\/tags?post=224615"}],"curies":[{"name":"wp","href":"https:\/\/api.w.org\/{rel}","templated":true}]}}