{"id":224583,"date":"2025-01-10T00:05:40","date_gmt":"2025-01-09T23:05:40","guid":{"rendered":"https:\/\/www.messinaoggi.it\/website\/2025\/01\/10\/sala-salvini-limportante-era-il-risultato-italia-oggi-conta-di-piu\/"},"modified":"2025-01-10T00:05:40","modified_gmt":"2025-01-09T23:05:40","slug":"sala-salvini-limportante-era-il-risultato-italia-oggi-conta-di-piu","status":"publish","type":"post","link":"https:\/\/www.messinaoggi.it\/website\/2025\/01\/10\/sala-salvini-limportante-era-il-risultato-italia-oggi-conta-di-piu\/","title":{"rendered":"Sala, Salvini \u201cL\u2019importante era il risultato, Italia oggi conta di pi\u00f9\u201d"},"content":{"rendered":"<div>ROMA (ITALPRESS) &#8211; La liberazione di Cecilia Sala &#8220;\u00e8 frutto del lavoro silenzioso di tanti: penso agli uomini dei servizi segreti, alle donne e agli uomini della diplomazia. L&#8217;importante era il risultato. Sicuramente l&#8217;Italia oggi, al di l\u00e0 dei partiti, conta di pi\u00f9 rispetto a quanto non contavamo qualche tempo fa: questo mi sembra evidente&#8221;. Lo ha detto il vicepremier e ministro delle Infrastrutture, Matteo Salvini, a &#8220;Dritto e Rovescio&#8221;, condotto da Paolo Del Debbio e in onda questa sera su Rete4. &#8220;Almeno su questo la politica non dovrebbe dividersi, ma dovrebbe dire grazie perch\u00e8 \u00e8 tornata a casa un&#8217;italiana e c&#8217;\u00e8 da festeggiare, se il governo ci ha messo il suo impegno c&#8217;\u00e8 da dire grazie&#8221;.<div id=\"div-gpt-ad-Messinaoggi.it-DSK-300x250-corpoart\" style=\"text-align:center;margin:0 auto;\"><\/div><\/p>\n<p>Foto: Agenzia Fotogramma<div id=\"videoincontent\" style=\"clear:both\";><\/div><\/p>\n<p>(ITALPRESS).<\/p><\/div>\n","protected":false},"excerpt":{"rendered":"<p>ROMA (ITALPRESS) &#8211; La liberazione di Cecilia Sala &#8220;\u00e8 frutto del lavoro silenzioso di tanti: penso agli uomini dei servizi segreti, alle donne e agli uomini della diplomazia. L&#8217;importante era il risultato. Sicuramente l&#8217;Italia oggi, al di l\u00e0 dei partiti, conta di pi\u00f9 rispetto a quanto non contavamo qualche tempo fa: questo mi sembra evidente&#8221;. [&hellip;]<\/p>\n","protected":false},"author":18,"featured_media":224584,"comment_status":"closed","ping_status":"closed","sticky":false,"template":"","format":"standard","meta":{"ub_ctt_via":"","_mi_skip_tracking":false},"categories":[446],"tags":[783],"featured_image_src":"https:\/\/www.messinaoggi.it\/website\/wp-content\/uploads\/2025\/01\/20250109_2490.jpg","author_info":{"display_name":"Admin","author_link":"https:\/\/www.messinaoggi.it\/website\/author\/admin\/"},"digistream_id":0,"digistream":false,"_links":{"self":[{"href":"https:\/\/www.messinaoggi.it\/website\/wp-json\/wp\/v2\/posts\/224583"}],"collection":[{"href":"https:\/\/www.messinaoggi.it\/website\/wp-json\/wp\/v2\/posts"}],"about":[{"href":"https:\/\/www.messinaoggi.it\/website\/wp-json\/wp\/v2\/types\/post"}],"author":[{"embeddable":true,"href":"https:\/\/www.messinaoggi.it\/website\/wp-json\/wp\/v2\/users\/18"}],"replies":[{"embeddable":true,"href":"https:\/\/www.messinaoggi.it\/website\/wp-json\/wp\/v2\/comments?post=224583"}],"version-history":[{"count":0,"href":"https:\/\/www.messinaoggi.it\/website\/wp-json\/wp\/v2\/posts\/224583\/revisions"}],"wp:featuredmedia":[{"embeddable":true,"href":"https:\/\/www.messinaoggi.it\/website\/wp-json\/wp\/v2\/media\/224584"}],"wp:attachment":[{"href":"https:\/\/www.messinaoggi.it\/website\/wp-json\/wp\/v2\/media?parent=224583"}],"wp:term":[{"taxonomy":"category","embeddable":true,"href":"https:\/\/www.messinaoggi.it\/website\/wp-json\/wp\/v2\/categories?post=224583"},{"taxonomy":"post_tag","embeddable":true,"href":"https:\/\/www.messinaoggi.it\/website\/wp-json\/wp\/v2\/tags?post=224583"}],"curies":[{"name":"wp","href":"https:\/\/api.w.org\/{rel}","templated":true}]}}