{"id":224541,"date":"2025-01-09T16:05:42","date_gmt":"2025-01-09T15:05:42","guid":{"rendered":"https:\/\/www.messinaoggi.it\/website\/2025\/01\/09\/luca-zuccala-e-il-nuovo-direttore-de-il-giornale-dellarte\/"},"modified":"2025-01-09T16:05:42","modified_gmt":"2025-01-09T15:05:42","slug":"luca-zuccala-e-il-nuovo-direttore-de-il-giornale-dellarte","status":"publish","type":"post","link":"https:\/\/www.messinaoggi.it\/website\/2025\/01\/09\/luca-zuccala-e-il-nuovo-direttore-de-il-giornale-dellarte\/","title":{"rendered":"Luca Zuccala \u00e8 il nuovo direttore de Il Giornale dell\u2019Arte"},"content":{"rendered":"<div>TORINO (ITALPRESS) &#8211; Il Presidente della societ\u00e0 editrice Allemandi Michele Coppola e l&#8217;Amministratore Delegato Luigi Cerutti hanno annunciato al comitato di redazione la nomina del nuovo direttore de Il Giornale dell&#8217;Arte: \u00e8 Luca Zuccala, gi\u00e0 direttore responsabile della testata specializzata in Economia dell&#8217;Arte ArtsLife e collaboratore fisso per le pagine di economia dell&#8217;arte de Il Corriere della Sera.<br \/>Luca Zuccala \u00e8 entrato in ruolo a partire dal 7 gennaio 2025 e firmer\u00e0 gi\u00e0 il prossimo numero di febbraio.<br \/>Zuccala succede nell&#8217;incarico che \u00e8 stato per 42 ininterrotti anni di Umberto Allemandi, fondatore del Giornale e della casa editrice, acquisita lo scorso dicembre da Intesa Sanpaolo, Fondazione 1563 e Fondazione Cassa di Risparmio di Cuneo.<br \/>Luca Zuccala, 37 anni, milanese, ha una lunga esperienza di giornalismo culturale, di mercato dell&#8217;arte e di costruzione editoriale maturata in seno alla galassia di progetti editoriali targati ArtsLife, dove ha lavorato dal 2007 al 2024; ha al suo attivo un portfolio di prestigiose collaborazioni in numerose testate italiane &#8211; cartacee, digitali, radiofoniche &#8211; ed \u00e8 impegnato in qualificate docenze in tema di mercato dell&#8217;arte e giornalismo culturale digitale.<br \/>Michele Coppola ha dichiarato: &#8220;Diamo il benvenuto al nuovo direttore de Il Giornale dell&#8217;Arte, con l&#8217;obiettivo di confermarne il ruolo e la leadership per l&#8217;editoria della cultura, ma con la solida ambizione di guidare un rinnovamento basato sul giornalismo di qualit\u00e0, di opinione e ricco di reportage. Il Giornale dell&#8217;Arte, completo e attuale, sar\u00e0 sempre pi\u00f9 capace di parlare a tutti i pubblici e di intercettare i cambiamenti in corso per contribuire alla comprensione e all&#8217;approfondimento del tempo presente. Racconteremo ai lettori giornalmente le novit\u00e0 per offrire spunti di riflessione, puntando a diventare anche una grande piazza digitale dedicata all&#8217;arte e alla cultura&#8221;.<br \/>Cerutti sottolinea che &#8220;il nuovo assetto della casa editrice mira a realizzare un sogno che fu anche di Umberto: un giornale di giornalisti capace di raccontare il mondo dell&#8217;arte e della cultura in tutte le sue forme e ramificazioni, dettare l&#8217;agenda culturale, farsi internazionale. Potenzieremo i Rapporti Annuali, i dorsi e gli speciali tematici dedicati ai grandi temi; lavoreremo sulla rete di relazioni del sistema Italia; intercetteremo le pi\u00f9 interessanti realt\u00e0 e manifestazioni artistiche e culturali per proporci come mediapartner innovativi e qualificati. Con Luca Zuccala stiamo gi\u00e0 parlando di rinnovamento grafico e implementazione digitale e con il nostro Presidente siamo al lavoro per il piano industriale di tutta la casa editrice&#8221;.<br \/>&#8220;Sono infinitamente grato al Presidente Coppola e al Consiglio di Amministrazione &#8211; afferma Zuccala &#8211; per la grande fiducia che mi \u00e8 stata accordata. Entro nell&#8217;incarico con l&#8217;emozione di succedere a un vero Maestro del giornalismo culturale e il senso di responsabilit\u00e0 della missione che mi viene affidata. E&#8217; per me un onore e un privilegio poter lavorare fianco a fianco con tutta la redazione e i collaboratori de Il Giornale dell&#8217;Arte, sotto la guida di una propriet\u00e0 illuminata e motivata a fare de Il Giornale dell&#8217;Arte un assoluto protagonista dell&#8217;informazione culturale&#8221;.<br \/>Dal 2 gennaio \u00e8 in edicola l&#8217;ultimo numero firmato da Umberto Allemandi, con un suo imperdibile editoriale di commiato.<br \/>Nelle prossime settimane prender\u00e0 avvio il Gran Tour per l&#8217;Italia dedicato al Giornale, alle sue prospettive, al comparto cultura in Italia e all&#8217;estero. <br \/>&#8211; foto ufficio stampa Allemandi (da sinistra Cerutti &#8211; Zuccala-Coppola) &#8211;<br \/>(ITALPRESS).<\/div>\n<div id=\"div-gpt-ad-Messinaoggi.it-DSK-300x250-corpoart\" style=\"text-align:center;margin:0 auto;\"><\/div><\/p><div id=\"videoincontent\" style=\"clear:both\";><\/div>","protected":false},"excerpt":{"rendered":"<p>TORINO (ITALPRESS) &#8211; Il Presidente della societ\u00e0 editrice Allemandi Michele Coppola e l&#8217;Amministratore Delegato Luigi Cerutti hanno annunciato al comitato di redazione la nomina del nuovo direttore de Il Giornale dell&#8217;Arte: \u00e8 Luca Zuccala, gi\u00e0 direttore responsabile della testata specializzata in Economia dell&#8217;Arte ArtsLife e collaboratore fisso per le pagine di economia dell&#8217;arte de Il [&hellip;]<\/p>\n","protected":false},"author":18,"featured_media":224542,"comment_status":"closed","ping_status":"closed","sticky":false,"template":"","format":"standard","meta":{"ub_ctt_via":"","_mi_skip_tracking":false},"categories":[446],"tags":[783],"featured_image_src":"https:\/\/www.messinaoggi.it\/website\/wp-content\/uploads\/2025\/01\/20250109_0639.jpg","author_info":{"display_name":"Admin","author_link":"https:\/\/www.messinaoggi.it\/website\/author\/admin\/"},"digistream_id":0,"digistream":false,"_links":{"self":[{"href":"https:\/\/www.messinaoggi.it\/website\/wp-json\/wp\/v2\/posts\/224541"}],"collection":[{"href":"https:\/\/www.messinaoggi.it\/website\/wp-json\/wp\/v2\/posts"}],"about":[{"href":"https:\/\/www.messinaoggi.it\/website\/wp-json\/wp\/v2\/types\/post"}],"author":[{"embeddable":true,"href":"https:\/\/www.messinaoggi.it\/website\/wp-json\/wp\/v2\/users\/18"}],"replies":[{"embeddable":true,"href":"https:\/\/www.messinaoggi.it\/website\/wp-json\/wp\/v2\/comments?post=224541"}],"version-history":[{"count":0,"href":"https:\/\/www.messinaoggi.it\/website\/wp-json\/wp\/v2\/posts\/224541\/revisions"}],"wp:featuredmedia":[{"embeddable":true,"href":"https:\/\/www.messinaoggi.it\/website\/wp-json\/wp\/v2\/media\/224542"}],"wp:attachment":[{"href":"https:\/\/www.messinaoggi.it\/website\/wp-json\/wp\/v2\/media?parent=224541"}],"wp:term":[{"taxonomy":"category","embeddable":true,"href":"https:\/\/www.messinaoggi.it\/website\/wp-json\/wp\/v2\/categories?post=224541"},{"taxonomy":"post_tag","embeddable":true,"href":"https:\/\/www.messinaoggi.it\/website\/wp-json\/wp\/v2\/tags?post=224541"}],"curies":[{"name":"wp","href":"https:\/\/api.w.org\/{rel}","templated":true}]}}