{"id":224539,"date":"2025-01-09T16:05:40","date_gmt":"2025-01-09T15:05:40","guid":{"rendered":"https:\/\/www.messinaoggi.it\/website\/2025\/01\/09\/cecilia-sala-meloni-intenso-lavoro-di-triangolazione-diplomatica\/"},"modified":"2025-01-09T16:05:40","modified_gmt":"2025-01-09T15:05:40","slug":"cecilia-sala-meloni-intenso-lavoro-di-triangolazione-diplomatica","status":"publish","type":"post","link":"https:\/\/www.messinaoggi.it\/website\/2025\/01\/09\/cecilia-sala-meloni-intenso-lavoro-di-triangolazione-diplomatica\/","title":{"rendered":"Cecilia Sala, Meloni \u201cIntenso lavoro di triangolazione diplomatica\u201d"},"content":{"rendered":"<div>ROMA (ITALPRESS) &#8211; &#8220;Ieri \u00e8 stata una bella giornata per il sistema Italia, \u00e8 stata una bella giornata per me, non ho provato un&#8217;emozione pi\u00f9 grande in questi due anni rispetto a quella di ieri, quando ho chiamato la mamma di Cecilia Sala per annunciarle che la figlia stava rientrando in Italia&#8221;. Lo ha detto il premier Giorgia Meloni, nel corso della conferenza stampa annuale organizzata a Montecitorio dal Consiglio nazionale dell&#8217;Ordine dei giornalisti e dall&#8217;Associazione stampa parlamentare.<br \/>&#8220;Su un caso cos\u00ec complesso intervengono moltissimi fattori &#8211; ha aggiunto -. Non \u00e8 un lavoro che ho fatto da sola, intervengono molte questioni, \u00e8 stato un complesso lavoro di triangolazione diplomatica, con gli Stati Uniti e l&#8217;Iran. Non c&#8217;\u00e8 stato un momento di svolta, sono stati messi insieme una serie di tasselli. Le interlocuzioni con l&#8217;Iran sono soprattutto di natura diplomatica e di intelligence&#8221;.<div id=\"div-gpt-ad-Messinaoggi.it-DSK-300x250-corpoart\" style=\"text-align:center;margin:0 auto;\"><\/div><\/p>\n<p>&#8220;In Iran sono presenti oltre 500 italiani, bisogna essere molto attenti a come ci si muove. Per quanto riguarda il caso di Abedini il caso \u00e8 al vaglio del ministero della Giustizia, tecnico e politico&#8221;, ha sottolineato Meloni.<div id=\"videoincontent\" style=\"clear:both\";><\/div><\/p>\n<p>&#8220;Bisogna continuare a discutere anche con i nostri amici americani &#8211; ha aggiunto -. Ne avrei parlato anche con il presidente Biden, ma la visita a Roma \u00e8 stata annullata&#8221; per l&#8217;incendio di Los Angeles. &#8220;Le interlocuzioni ci saranno, il lavoro \u00e8 ancora molto complesso&#8221;, ha sottolineato Meloni.<\/p>\n<p>&#8220;Sulle dimissioni di Elisabetta Belloni ho letto molte ricostruzioni che non corrispondono a verit\u00e0, l&#8217;ambasciatrice Belloni ha deciso di anticipare la scadenza del suo incarico per evitare di finire nel tritacarne che di solito accompagna nomine cos\u00ec importanti&#8221;, ha detto poi il premier rispondendo a una domanda sulle dimissioni del direttore del Dis.<\/p>\n<p>&#8220;Elisabetta Belloni \u00e8 un funzionario capace, di lungo corso la mia stima e il rapporto con lei sono inalterati &#8211; ha aggiunto -. Prevedo che il suo percorso non termini qui. Le vicende di questi giorni non c&#8217;entrano niente con le sue dimissioni&#8221;. Poi l&#8217;annuncio che il Consiglio dei Ministri di oggi pomeriggio nominer\u00e0 il prefetto Vittorio Rizzi nuovo direttore del Dis.<\/p>\n<p>&#8211; Foto xb1\/Italpress &#8211;<\/p>\n<p>(ITALPRESS).<\/p><\/div>\n","protected":false},"excerpt":{"rendered":"<p>ROMA (ITALPRESS) &#8211; &#8220;Ieri \u00e8 stata una bella giornata per il sistema Italia, \u00e8 stata una bella giornata per me, non ho provato un&#8217;emozione pi\u00f9 grande in questi due anni rispetto a quella di ieri, quando ho chiamato la mamma di Cecilia Sala per annunciarle che la figlia stava rientrando in Italia&#8221;. Lo ha detto [&hellip;]<\/p>\n","protected":false},"author":18,"featured_media":224540,"comment_status":"closed","ping_status":"closed","sticky":false,"template":"","format":"standard","meta":{"ub_ctt_via":"","_mi_skip_tracking":false},"categories":[446],"tags":[783],"featured_image_src":"https:\/\/www.messinaoggi.it\/website\/wp-content\/uploads\/2025\/01\/20250109_0521.jpg","author_info":{"display_name":"Admin","author_link":"https:\/\/www.messinaoggi.it\/website\/author\/admin\/"},"digistream_id":0,"digistream":false,"_links":{"self":[{"href":"https:\/\/www.messinaoggi.it\/website\/wp-json\/wp\/v2\/posts\/224539"}],"collection":[{"href":"https:\/\/www.messinaoggi.it\/website\/wp-json\/wp\/v2\/posts"}],"about":[{"href":"https:\/\/www.messinaoggi.it\/website\/wp-json\/wp\/v2\/types\/post"}],"author":[{"embeddable":true,"href":"https:\/\/www.messinaoggi.it\/website\/wp-json\/wp\/v2\/users\/18"}],"replies":[{"embeddable":true,"href":"https:\/\/www.messinaoggi.it\/website\/wp-json\/wp\/v2\/comments?post=224539"}],"version-history":[{"count":0,"href":"https:\/\/www.messinaoggi.it\/website\/wp-json\/wp\/v2\/posts\/224539\/revisions"}],"wp:featuredmedia":[{"embeddable":true,"href":"https:\/\/www.messinaoggi.it\/website\/wp-json\/wp\/v2\/media\/224540"}],"wp:attachment":[{"href":"https:\/\/www.messinaoggi.it\/website\/wp-json\/wp\/v2\/media?parent=224539"}],"wp:term":[{"taxonomy":"category","embeddable":true,"href":"https:\/\/www.messinaoggi.it\/website\/wp-json\/wp\/v2\/categories?post=224539"},{"taxonomy":"post_tag","embeddable":true,"href":"https:\/\/www.messinaoggi.it\/website\/wp-json\/wp\/v2\/tags?post=224539"}],"curies":[{"name":"wp","href":"https:\/\/api.w.org\/{rel}","templated":true}]}}