{"id":22453,"date":"2018-07-26T15:26:57","date_gmt":"2018-07-26T13:26:57","guid":{"rendered":"http:\/\/www.messinaoggi.it\/website\/?p=22453"},"modified":"2018-07-26T15:26:57","modified_gmt":"2018-07-26T13:26:57","slug":"linea-dura-contro-gli-incivili-beccati-a-maregrosso-a-scaricare-materiale","status":"publish","type":"post","link":"https:\/\/www.messinaoggi.it\/website\/2018\/07\/26\/linea-dura-contro-gli-incivili-beccati-a-maregrosso-a-scaricare-materiale\/","title":{"rendered":"Linea dura contro gli incivili. Beccati a Maregrosso a scaricare materiale"},"content":{"rendered":"<p style=\"text-align: justify;\">&#8220;Le nostre guardie segrete ambientali funzionano. Ora li denunzieremo all\u2019autorit\u00e0 giudiziaria. Se beccate questi incivili mandatemi subito le foto che io proceder\u00f2 nelle sedi opportune&#8221;. Lo scrive su Fb il sindaco Cateno De Luca, il quale ha dichiarato guerra agli illeciti. Presi di mira oggi gli &#8220;sporcatori&#8221; della citt\u00e0, le persone incivili che scaricano materiale in ogni dove contribuendo a rendere la citt\u00e0 sempre pi\u00f9 sporca.<div id=\"div-gpt-ad-Messinaoggi.it-DSK-300x250-corpoart\" style=\"text-align:center;margin:0 auto;\"><\/div><\/p>\n<p style=\"text-align: justify;\">E dopo la guerra aperta contro gli ambulanti, ecco aprirsi un nuovo fronte caldo da parte del sindaco De Luca. Oggi, a proposito di illeciti, il primo cittadino ha annunciato di avere bloccato i lavori di sopraelevazione di un immobile posto su viale Boccetta.<div id=\"videoincontent\" style=\"clear:both\";><\/div><\/p>\n<p style=\"text-align: justify;\">C&#8217;\u00e8 da chiedersi quando sar\u00e0 la volta dei locali di ritrovo che occupano piazze storiche della citt\u00e0 con tavolini e ombrelloni senza avere &#8211; a quanto pare &#8211; autorizzazioni e senza pagare il suolo pubblico. O peggio ancora hanno contenziosi di diverse centinaia di migliaia di euro con l&#8217;amministrazione.<\/p>\n","protected":false},"excerpt":{"rendered":"<p>&#8220;Le nostre guardie segrete ambientali funzionano. Ora li denunzieremo all\u2019autorit\u00e0 giudiziaria. Se beccate questi incivili mandatemi subito le foto che io proceder\u00f2 nelle sedi opportune&#8221;. Lo scrive su Fb il sindaco Cateno De Luca, il quale ha dichiarato guerra agli illeciti. Presi di mira oggi gli &#8220;sporcatori&#8221; della citt\u00e0, le persone incivili che scaricano materiale [&hellip;]<\/p>\n","protected":false},"author":2,"featured_media":22454,"comment_status":"closed","ping_status":"open","sticky":false,"template":"","format":"standard","meta":{"ub_ctt_via":"","_mi_skip_tracking":false},"categories":[19],"tags":[],"featured_image_src":"https:\/\/www.messinaoggi.it\/website\/wp-content\/uploads\/2018\/07\/DISCARICA-1.jpg","author_info":{"display_name":"Redazione","author_link":"https:\/\/www.messinaoggi.it\/website\/author\/redazione\/"},"digistream_id":0,"digistream":false,"_links":{"self":[{"href":"https:\/\/www.messinaoggi.it\/website\/wp-json\/wp\/v2\/posts\/22453"}],"collection":[{"href":"https:\/\/www.messinaoggi.it\/website\/wp-json\/wp\/v2\/posts"}],"about":[{"href":"https:\/\/www.messinaoggi.it\/website\/wp-json\/wp\/v2\/types\/post"}],"author":[{"embeddable":true,"href":"https:\/\/www.messinaoggi.it\/website\/wp-json\/wp\/v2\/users\/2"}],"replies":[{"embeddable":true,"href":"https:\/\/www.messinaoggi.it\/website\/wp-json\/wp\/v2\/comments?post=22453"}],"version-history":[{"count":0,"href":"https:\/\/www.messinaoggi.it\/website\/wp-json\/wp\/v2\/posts\/22453\/revisions"}],"wp:featuredmedia":[{"embeddable":true,"href":"https:\/\/www.messinaoggi.it\/website\/wp-json\/wp\/v2\/media\/22454"}],"wp:attachment":[{"href":"https:\/\/www.messinaoggi.it\/website\/wp-json\/wp\/v2\/media?parent=22453"}],"wp:term":[{"taxonomy":"category","embeddable":true,"href":"https:\/\/www.messinaoggi.it\/website\/wp-json\/wp\/v2\/categories?post=22453"},{"taxonomy":"post_tag","embeddable":true,"href":"https:\/\/www.messinaoggi.it\/website\/wp-json\/wp\/v2\/tags?post=22453"}],"curies":[{"name":"wp","href":"https:\/\/api.w.org\/{rel}","templated":true}]}}