{"id":224478,"date":"2025-01-09T12:05:45","date_gmt":"2025-01-09T11:05:45","guid":{"rendered":"https:\/\/www.messinaoggi.it\/website\/2025\/01\/09\/tajani-relazioni-con-iran-e-siria-decisive-per-la-liberazione-di-sala\/"},"modified":"2025-01-09T12:05:45","modified_gmt":"2025-01-09T11:05:45","slug":"tajani-relazioni-con-iran-e-siria-decisive-per-la-liberazione-di-sala","status":"publish","type":"post","link":"https:\/\/www.messinaoggi.it\/website\/2025\/01\/09\/tajani-relazioni-con-iran-e-siria-decisive-per-la-liberazione-di-sala\/","title":{"rendered":"Tajani \u201cRelazioni con Iran e Siria decisive per la liberazione di Sala\u201d"},"content":{"rendered":"<div>ROMA (ITALPRESS) &#8211; &#8220;C&#8217;\u00e8 stato un dialogo continuo e la nostra intelligence, la diplomazia, il governo hanno fatto il massimo. Essere un Paese come il nostro che ha rapporti con tutti i paesi dell&#8217;area del Medio Oriente, anche con quelli di cui non condivide politiche e azioni, rende possibile agire con efficacia anche di fronte a grandi difficolt\u00e0. Non a caso noi abbiamo tenuto aperti i rapporti politici con l&#8217;Iran, abbiamo tenuto aperta l&#8217;ambasciata in Siria, dove andr\u00f2 domani dopo che si sar\u00e0 riunito il Quintetto&#8221;. A dirlo il ministro degli Esteri, Antonio Tajani, parlando al &#8220;Corriere della Sera&#8221; della liberazione della giornalista Cecilia Sala dopo 21 giorni in carcere a Teheran. &#8220;La liberazione dell&#8217;ingegnere iraniano Abedini? Sono due cose separate, lo hanno spiegato anche le autorit\u00e0 iraniane. Il caso Abedini \u00e8 trattato dalle autorit\u00e0 giudiziarie italiane, vedremo cosa succeder\u00e0. Poi, eventualmente, sar\u00e0 di competenza del ministro della Giustizia&#8221;.<br \/>Parlando poi di Elon Musk e del suo &#8220;legame&#8221; con l&#8217;Italia, il vicepremier ha evidenziato che &#8220;a oggi Musk \u00e8 un privato cittadino e un grandissimo imprenditore; quando sar\u00e0 al governo \u00e8 ovvio che dovr\u00e0 misurare le sue dichiarazioni. Poi, per quanto riguarda il sistema di comunicazioni satellitari della sua azienda, \u00e8 un altro discorso. Parliamo di una scelta tecnologica che deve fare lo Stato italiano. Io non ho preclusioni a prescindere, una cosa \u00e8 Musk, altra la sua azienda. Se \u00e8 in grado di fornire i migliori servizi, perch\u00e8 dire no a priori? Vedremo, ci saranno valutazioni, si sceglier\u00e0 il meglio per garantire i servizi necessari alle nostre amministrazioni&#8221;.<div id=\"div-gpt-ad-Messinaoggi.it-DSK-300x250-corpoart\" style=\"text-align:center;margin:0 auto;\"><\/div><\/p>\n<p>&#8211; foto: Agenzia Fotogramma &#8211;<br \/>(ITALPRESS).<\/div>\n<div id=\"videoincontent\" style=\"clear:both\";><\/div>","protected":false},"excerpt":{"rendered":"<p>ROMA (ITALPRESS) &#8211; &#8220;C&#8217;\u00e8 stato un dialogo continuo e la nostra intelligence, la diplomazia, il governo hanno fatto il massimo. Essere un Paese come il nostro che ha rapporti con tutti i paesi dell&#8217;area del Medio Oriente, anche con quelli di cui non condivide politiche e azioni, rende possibile agire con efficacia anche di fronte [&hellip;]<\/p>\n","protected":false},"author":18,"featured_media":224479,"comment_status":"closed","ping_status":"closed","sticky":false,"template":"","format":"standard","meta":{"ub_ctt_via":"","_mi_skip_tracking":false},"categories":[446],"tags":[783],"featured_image_src":"https:\/\/www.messinaoggi.it\/website\/wp-content\/uploads\/2025\/01\/20250109_0162.jpg","author_info":{"display_name":"Admin","author_link":"https:\/\/www.messinaoggi.it\/website\/author\/admin\/"},"digistream_id":0,"digistream":false,"_links":{"self":[{"href":"https:\/\/www.messinaoggi.it\/website\/wp-json\/wp\/v2\/posts\/224478"}],"collection":[{"href":"https:\/\/www.messinaoggi.it\/website\/wp-json\/wp\/v2\/posts"}],"about":[{"href":"https:\/\/www.messinaoggi.it\/website\/wp-json\/wp\/v2\/types\/post"}],"author":[{"embeddable":true,"href":"https:\/\/www.messinaoggi.it\/website\/wp-json\/wp\/v2\/users\/18"}],"replies":[{"embeddable":true,"href":"https:\/\/www.messinaoggi.it\/website\/wp-json\/wp\/v2\/comments?post=224478"}],"version-history":[{"count":0,"href":"https:\/\/www.messinaoggi.it\/website\/wp-json\/wp\/v2\/posts\/224478\/revisions"}],"wp:featuredmedia":[{"embeddable":true,"href":"https:\/\/www.messinaoggi.it\/website\/wp-json\/wp\/v2\/media\/224479"}],"wp:attachment":[{"href":"https:\/\/www.messinaoggi.it\/website\/wp-json\/wp\/v2\/media?parent=224478"}],"wp:term":[{"taxonomy":"category","embeddable":true,"href":"https:\/\/www.messinaoggi.it\/website\/wp-json\/wp\/v2\/categories?post=224478"},{"taxonomy":"post_tag","embeddable":true,"href":"https:\/\/www.messinaoggi.it\/website\/wp-json\/wp\/v2\/tags?post=224478"}],"curies":[{"name":"wp","href":"https:\/\/api.w.org\/{rel}","templated":true}]}}