{"id":224459,"date":"2025-01-09T09:13:18","date_gmt":"2025-01-09T08:13:18","guid":{"rendered":"http:\/\/www.messinaoggi.it\/website\/?p=224459"},"modified":"2025-01-09T09:13:19","modified_gmt":"2025-01-09T08:13:19","slug":"bucalo-doveroso-ricordare-beppe-alfano","status":"publish","type":"post","link":"https:\/\/www.messinaoggi.it\/website\/2025\/01\/09\/bucalo-doveroso-ricordare-beppe-alfano\/","title":{"rendered":"Bucalo: &#8220;Doveroso ricordare Beppe Alfano&#8221;"},"content":{"rendered":"\n<p>\u00a0\u201cRitengo doveroso oggi ricordare la figura di Beppe Alfano, giornalista siciliano ucciso dalla mafia la notte dell&#8217;8 gennaio 1993, quando fu colpito da tre proiettili calibro 22 mentre era fermo alla guida della sua Renault 9 in via Marconi a Barcellona Pozzo di Gotto. Beppe Alfano era un giornalista libero e scomodo per le sue coraggiose inchieste per il quotidiano &#8216;La Sicilia&#8217;. Inchieste che scoperchiarono il calderone dei legami tra mafia, politica e poteri forti&#8221;. Lo dichiara in una nota la senatrice di Fratelli d&#8217;Italia Ella Bucalo, componente della commissione Cultura e Istruzione.&#8221;Il ricordo che ho di lui \u00e8 quello che conserva una ventenne che ammirava l\u2019imponenza culturale e spirituale di questo grande uomo. Beppe l\u2019ho conosciuto come docente e come amico. Un docente appassionato che nell\u2019insegnamento riversava il suo stile di vita cristallino. Non si pieg\u00f2 agli avvertimenti, non cedette alle lusinghe, ai tentativi di corruzione e per questo \u00e8 morto. Non smise mai di essere s\u00e9 stesso, e da quella solida coerenza, e dalla sua ferma rettitudine, fui allora colpita. Un uomo coraggioso, legato profondamente ai valori dell\u2019onest\u00e0, la cui memoria va senza dubbio onorata attraverso la lotta ad ogni forma di malaffare. Quel malaffare che lui stesso, con le sue inchieste voleva scardinare. Beppe Alfano ha pagato con la vita la sua lotta alla mafia. Il modo migliore per ricordarlo &#8211; conclude &#8211; \u00e8 portare avanti la sua battaglia&#8221;.<div id=\"div-gpt-ad-Messinaoggi.it-DSK-300x250-corpoart\" style=\"text-align:center;margin:0 auto;\"><\/div><\/p>\n<div id=\"videoincontent\" style=\"clear:both\";><\/div>","protected":false},"excerpt":{"rendered":"<p>\u00a0\u201cRitengo doveroso oggi ricordare la figura di Beppe Alfano, giornalista siciliano ucciso dalla mafia la notte dell&#8217;8 gennaio 1993, quando fu colpito da tre proiettili calibro 22 mentre era fermo alla guida della sua Renault 9 in via Marconi a Barcellona Pozzo di Gotto. Beppe Alfano era un giornalista libero e scomodo per le sue [&hellip;]<\/p>\n","protected":false},"author":2,"featured_media":59210,"comment_status":"open","ping_status":"open","sticky":false,"template":"","format":"standard","meta":{"ub_ctt_via":"","_mi_skip_tracking":false},"categories":[6],"tags":[],"featured_image_src":"https:\/\/www.messinaoggi.it\/website\/wp-content\/uploads\/2021\/04\/3BDA94D6-79A4-40EC-B34D-6D360D531B71-scaled.jpeg","author_info":{"display_name":"Redazione","author_link":"https:\/\/www.messinaoggi.it\/website\/author\/redazione\/"},"digistream_id":0,"digistream":false,"_links":{"self":[{"href":"https:\/\/www.messinaoggi.it\/website\/wp-json\/wp\/v2\/posts\/224459"}],"collection":[{"href":"https:\/\/www.messinaoggi.it\/website\/wp-json\/wp\/v2\/posts"}],"about":[{"href":"https:\/\/www.messinaoggi.it\/website\/wp-json\/wp\/v2\/types\/post"}],"author":[{"embeddable":true,"href":"https:\/\/www.messinaoggi.it\/website\/wp-json\/wp\/v2\/users\/2"}],"replies":[{"embeddable":true,"href":"https:\/\/www.messinaoggi.it\/website\/wp-json\/wp\/v2\/comments?post=224459"}],"version-history":[{"count":1,"href":"https:\/\/www.messinaoggi.it\/website\/wp-json\/wp\/v2\/posts\/224459\/revisions"}],"predecessor-version":[{"id":224460,"href":"https:\/\/www.messinaoggi.it\/website\/wp-json\/wp\/v2\/posts\/224459\/revisions\/224460"}],"wp:featuredmedia":[{"embeddable":true,"href":"https:\/\/www.messinaoggi.it\/website\/wp-json\/wp\/v2\/media\/59210"}],"wp:attachment":[{"href":"https:\/\/www.messinaoggi.it\/website\/wp-json\/wp\/v2\/media?parent=224459"}],"wp:term":[{"taxonomy":"category","embeddable":true,"href":"https:\/\/www.messinaoggi.it\/website\/wp-json\/wp\/v2\/categories?post=224459"},{"taxonomy":"post_tag","embeddable":true,"href":"https:\/\/www.messinaoggi.it\/website\/wp-json\/wp\/v2\/tags?post=224459"}],"curies":[{"name":"wp","href":"https:\/\/api.w.org\/{rel}","templated":true}]}}