{"id":224319,"date":"2025-01-08T09:00:16","date_gmt":"2025-01-08T08:00:16","guid":{"rendered":"http:\/\/www.messinaoggi.it\/website\/?p=224319"},"modified":"2025-01-08T03:00:16","modified_gmt":"2025-01-08T02:00:16","slug":"il-progetto-ca-bis-e-un-possibile-chiarimento-sul-risanamento","status":"publish","type":"post","link":"https:\/\/www.messinaoggi.it\/website\/2025\/01\/08\/il-progetto-ca-bis-e-un-possibile-chiarimento-sul-risanamento\/","title":{"rendered":"Il progetto Ca-Bis e un possibile chiarimento sul risanamento"},"content":{"rendered":"\n<p>Si terr\u00e0 oggi, alle ore 11 nel Salone delle Bandiere del Comune di Messina, la firma del protocollo d\u2019intesa per l\u2019attuazione del Piano della Citt\u00e0, un progetto nazionale promosso dall\u2019Agenzia del Demanio in collaborazione con gli Enti locali e gli stakeholders territoriali. <div id=\"div-gpt-ad-Messinaoggi.it-DSK-300x250-corpoart\" style=\"text-align:center;margin:0 auto;\"><\/div><\/p>\n\n\n\n<p>L\u2019accordo sar\u00e0 sottoscritto dal presidente della Regione e commissario straordinario per il risanamento, <strong>Renato Schifani<\/strong>, dal sindaco di Messina, <strong>Federico Basile<\/strong>, e dal direttore generale dell\u2019Agenzia del Demanio, <strong>Alessandra Dal Verme<\/strong>.<div id=\"videoincontent\" style=\"clear:both\";><\/div><\/p>\n\n\n\n<p>L&#8217;iniziativa a Messina prevede la rigenerazione urbana del territorio attraverso interventi mirati come il progetto \u201cCa-Bis\u201d (Camaro-Bisconte). Questo progetto, sviluppato dall\u2019Ufficio del Commissario straordinario per il risanamento, \u00e8 stato presentato a Roma durante il festival \u201cCitt\u00e0 in Scena\u201d e ha ricevuto apprezzamenti dal direttore generale Alessandra Dal Verme, che nei giorni scorsi ha visitato i siti coinvolti.<\/p>\n\n\n\n<p>Secondo <strong>Marcello Scurria<\/strong>, sub commissario al risanamento, il progetto dimostra l\u2019attenzione alle esigenze delle comunit\u00e0 e la necessit\u00e0 di rigenerare le citt\u00e0.<\/p>\n\n\n\n<p>La firma del protocollo potrebbe rappresentare anche un momento di confronto sullo scontro avvenuto prima di Natale tra il sindaco Basile e il sub commissario Scurria. La polemica era scoppiata dopo che l\u2019Ufficio commissariale aveva partecipato e vinto un\u2019asta per dodici lotti di appartamenti a Contesse e Cep, acquistati per 300 mila euro in pi\u00f9 rispetto all\u2019offerta del Comune. Basile aveva accusato Scurria di danno erariale e sollecitato un intervento della Regione.In risposta, Scurria ha gi\u00e0 inoltrato una dettagliata relazione a Palermo, ma non ci sono ancora dichiarazioni ufficiali da parte del presidente Schifani. <\/p>\n\n\n\n<p>La sua presenza all\u2019evento odierno potrebbe rappresentare un momento decisivo per chiarire le posizioni e superare le tensioni tra le due istituzioni.<\/p>\n\n\n\n<p>Il protocollo d\u2019intesa e il progetto \u201cCa-Bis\u201d segnano un passo importante per la rigenerazione urbana e il risanamento delle baraccopoli di Messina, un tema che continua ad animare il dibattito pubblico e politico della citt\u00e0.<\/p>\n","protected":false},"excerpt":{"rendered":"<p>Si terr\u00e0 oggi, alle ore 11 nel Salone delle Bandiere del Comune di Messina, la firma del protocollo d\u2019intesa per l\u2019attuazione del Piano della Citt\u00e0, un progetto nazionale promosso dall\u2019Agenzia del Demanio in collaborazione con gli Enti locali e gli stakeholders territoriali. L\u2019accordo sar\u00e0 sottoscritto dal presidente della Regione e commissario straordinario per il risanamento, [&hellip;]<\/p>\n","protected":false},"author":15,"featured_media":197716,"comment_status":"open","ping_status":"open","sticky":false,"template":"","format":"standard","meta":{"ub_ctt_via":"","_mi_skip_tracking":false},"categories":[4,6],"tags":[5498,2972,3375,11255,11254,757,1817,642],"featured_image_src":"https:\/\/www.messinaoggi.it\/website\/wp-content\/uploads\/2024\/05\/palazzo-zanca-bis.png","author_info":{"display_name":"red.me","author_link":"https:\/\/www.messinaoggi.it\/website\/author\/red-me\/"},"digistream_id":0,"digistream":false,"_links":{"self":[{"href":"https:\/\/www.messinaoggi.it\/website\/wp-json\/wp\/v2\/posts\/224319"}],"collection":[{"href":"https:\/\/www.messinaoggi.it\/website\/wp-json\/wp\/v2\/posts"}],"about":[{"href":"https:\/\/www.messinaoggi.it\/website\/wp-json\/wp\/v2\/types\/post"}],"author":[{"embeddable":true,"href":"https:\/\/www.messinaoggi.it\/website\/wp-json\/wp\/v2\/users\/15"}],"replies":[{"embeddable":true,"href":"https:\/\/www.messinaoggi.it\/website\/wp-json\/wp\/v2\/comments?post=224319"}],"version-history":[{"count":3,"href":"https:\/\/www.messinaoggi.it\/website\/wp-json\/wp\/v2\/posts\/224319\/revisions"}],"predecessor-version":[{"id":224322,"href":"https:\/\/www.messinaoggi.it\/website\/wp-json\/wp\/v2\/posts\/224319\/revisions\/224322"}],"wp:featuredmedia":[{"embeddable":true,"href":"https:\/\/www.messinaoggi.it\/website\/wp-json\/wp\/v2\/media\/197716"}],"wp:attachment":[{"href":"https:\/\/www.messinaoggi.it\/website\/wp-json\/wp\/v2\/media?parent=224319"}],"wp:term":[{"taxonomy":"category","embeddable":true,"href":"https:\/\/www.messinaoggi.it\/website\/wp-json\/wp\/v2\/categories?post=224319"},{"taxonomy":"post_tag","embeddable":true,"href":"https:\/\/www.messinaoggi.it\/website\/wp-json\/wp\/v2\/tags?post=224319"}],"curies":[{"name":"wp","href":"https:\/\/api.w.org\/{rel}","templated":true}]}}