{"id":22425,"date":"2018-07-25T16:09:20","date_gmt":"2018-07-25T14:09:20","guid":{"rendered":"http:\/\/www.messinaoggi.it\/website\/?p=22425"},"modified":"2018-07-25T16:09:20","modified_gmt":"2018-07-25T14:09:20","slug":"io-non-viaggio-da-sola-la-nuova-iniziativa-di-carontetourist-e-posto-occupato","status":"publish","type":"post","link":"https:\/\/www.messinaoggi.it\/website\/2018\/07\/25\/io-non-viaggio-da-sola-la-nuova-iniziativa-di-carontetourist-e-posto-occupato\/","title":{"rendered":"Io (non) viaggio da sola: la nuova iniziativa di Caronte&#038;Tourist e Posto occupato"},"content":{"rendered":"<p style=\"text-align: justify\">\u201cIo (non) viaggio da sola\u201d \u00e8 l\u2019ultima iniziativa che vedr\u00e0 impegnati il Gruppo Caronte&amp;Tourist e \u201cPosto Occupato\u201d,\u00a0 che da oltre 5 anni si occupa di sensibilizzazione contro la violenza di genere.<div id=\"div-gpt-ad-Messinaoggi.it-DSK-300x250-corpoart\" style=\"text-align:center;margin:0 auto;\"><\/div><\/p>\n<p style=\"text-align: justify\">L\u2019idea di questa nuova iniziativa nasce da un episodio di violenza accaduto su una delle navi della flotta Cartour, che naviga da Messina a Salerno.<div id=\"videoincontent\" style=\"clear:both\";><\/div><\/p>\n<p style=\"text-align: justify\">Per tre settimane, ad agosto verr\u00e0 distribuito ai passeggeri materiale informativo, finalizzato ad una sempre pi\u00f9 profonda comprensione di un fenomeno che non deve essere considerato come un\u2019emergenza ma come problema culturale.<\/p>\n<p style=\"text-align: justify\">I dettagli dell\u2019iniziativa saranno resi noti nel corso di una conferenza stampa che si terr\u00e0 venerd\u00ec 27 luglio alle 10,30 nella sede del Gruppo Caronte&amp;Tourist in Viale della Libert\u00e0 34.<\/p>\n","protected":false},"excerpt":{"rendered":"<p>\u201cIo (non) viaggio da sola\u201d \u00e8 l\u2019ultima iniziativa che vedr\u00e0 impegnati il Gruppo Caronte&amp;Tourist e \u201cPosto Occupato\u201d,\u00a0 che da oltre 5 anni si occupa di sensibilizzazione contro la violenza di genere. L\u2019idea di questa nuova iniziativa nasce da un episodio di violenza accaduto su una delle navi della flotta Cartour, che naviga da Messina a [&hellip;]<\/p>\n","protected":false},"author":15,"featured_media":11921,"comment_status":"closed","ping_status":"open","sticky":false,"template":"","format":"standard","meta":{"ub_ctt_via":"","_mi_skip_tracking":false},"categories":[5],"tags":[],"featured_image_src":"https:\/\/www.messinaoggi.it\/website\/wp-content\/uploads\/2017\/11\/Posto-Occupato.jpg","author_info":{"display_name":"red.me","author_link":"https:\/\/www.messinaoggi.it\/website\/author\/red-me\/"},"digistream_id":0,"digistream":false,"_links":{"self":[{"href":"https:\/\/www.messinaoggi.it\/website\/wp-json\/wp\/v2\/posts\/22425"}],"collection":[{"href":"https:\/\/www.messinaoggi.it\/website\/wp-json\/wp\/v2\/posts"}],"about":[{"href":"https:\/\/www.messinaoggi.it\/website\/wp-json\/wp\/v2\/types\/post"}],"author":[{"embeddable":true,"href":"https:\/\/www.messinaoggi.it\/website\/wp-json\/wp\/v2\/users\/15"}],"replies":[{"embeddable":true,"href":"https:\/\/www.messinaoggi.it\/website\/wp-json\/wp\/v2\/comments?post=22425"}],"version-history":[{"count":0,"href":"https:\/\/www.messinaoggi.it\/website\/wp-json\/wp\/v2\/posts\/22425\/revisions"}],"wp:featuredmedia":[{"embeddable":true,"href":"https:\/\/www.messinaoggi.it\/website\/wp-json\/wp\/v2\/media\/11921"}],"wp:attachment":[{"href":"https:\/\/www.messinaoggi.it\/website\/wp-json\/wp\/v2\/media?parent=22425"}],"wp:term":[{"taxonomy":"category","embeddable":true,"href":"https:\/\/www.messinaoggi.it\/website\/wp-json\/wp\/v2\/categories?post=22425"},{"taxonomy":"post_tag","embeddable":true,"href":"https:\/\/www.messinaoggi.it\/website\/wp-json\/wp\/v2\/tags?post=22425"}],"curies":[{"name":"wp","href":"https:\/\/api.w.org\/{rel}","templated":true}]}}