{"id":224039,"date":"2025-01-03T10:57:01","date_gmt":"2025-01-03T09:57:01","guid":{"rendered":"http:\/\/www.messinaoggi.it\/website\/?p=224039"},"modified":"2025-01-03T11:06:16","modified_gmt":"2025-01-03T10:06:16","slug":"messina-social-city-oteri-lega-avevo-ragione-lo-avevo-detto","status":"publish","type":"post","link":"https:\/\/www.messinaoggi.it\/website\/2025\/01\/03\/messina-social-city-oteri-lega-avevo-ragione-lo-avevo-detto\/","title":{"rendered":"Messina Social City, Oteri (Lega): &#8220;Avevo ragione, lo avevo detto&#8221;"},"content":{"rendered":"\n<p>Il capogruppo di Lega Prima l&#8217;Italia <strong>Cosimo Oteri<\/strong> commenta le polemiche in merito alle ultime stabilizzazioni di altri lavoratori precari della MSC.<div id=\"div-gpt-ad-Messinaoggi.it-DSK-300x250-corpoart\" style=\"text-align:center;margin:0 auto;\"><\/div><\/p>\n\n\n\n<p>\u201cAlla fine, sulla gestione delle assunzioni alla Messina Social City avevo ragione io\u201d esordisce Oteri.<div id=\"videoincontent\" style=\"clear:both\";><\/div><\/p>\n\n\n\n<p>&#8220;Sono stato insultato sui social da alcuni sindacati, ma alla fine, come prevedibile, i conti tornano anche se c&#8217;\u00e8 chi fa finta di nulla &#8211; aggiunge -. Alla base di questa vicenda ci sono i problemi del contratto dei dipendenti della Messina Social City mai modificato per adeguarlo a quello degli altri lavoratori delle partecipate e il mancato pagamento della 14^, della quale si \u00e8 tanto parlato durante l&#8217;ultima campagna elettorale ma di cui ancora non c&#8217;\u00e8 traccia&#8221;.<\/p>\n\n\n\n<p>&#8220;E non \u00e8 tutto &#8211; prosegue Oteri &#8211; perch\u00e9 tra le tante anomalie della Gestione della MSC c&#8217;\u00e8 anche quella delle consulenze richieste ogni volta che c&#8217;\u00e8 da prendere una decisione. Consulenze pagate ogni volta a suon di migliaia di euro di denaro pubblico&#8221;.<\/p>\n\n\n\n<p>&#8220;Per evitare che si ripetano vicende del genere, ci auguriamo che la presidente della Messina Social City Valeria Asquini si dimostri pi\u00f9 incisiva nei confronti dell&#8217;amministrazione Basile, senza aver paura di essere la prossima a lasciare la propria poltrona, visto che il suo primo dovere \u00e8 tutelare i lavoratori della partecipata che, per inciso, sono pi\u00f9 numerosi dei dipendenti comunali. Tra l&#8217;altro, c&#8217;\u00e8 anche da capire come sia stato possibile che in tre anni si siano avvicendati ben tre direttori generali e che adesso questa funzione sia espletata da un vicedirettorenominato nel gennaio 2023&#8221; conclude il capogruppo di Prima l&#8217;Italia.<\/p>\n","protected":false},"excerpt":{"rendered":"<p>Il capogruppo di Lega Prima l&#8217;Italia Cosimo Oteri commenta le polemiche in merito alle ultime stabilizzazioni di altri lavoratori precari della MSC. \u201cAlla fine, sulla gestione delle assunzioni alla Messina Social City avevo ragione io\u201d esordisce Oteri. &#8220;Sono stato insultato sui social da alcuni sindacati, ma alla fine, come prevedibile, i conti tornano anche se [&hellip;]<\/p>\n","protected":false},"author":15,"featured_media":138057,"comment_status":"open","ping_status":"open","sticky":false,"template":"","format":"standard","meta":{"ub_ctt_via":"","_mi_skip_tracking":false},"categories":[4,6],"tags":[1029,5984,4936,1185],"featured_image_src":"https:\/\/www.messinaoggi.it\/website\/wp-content\/uploads\/2023\/01\/Cosimo-Oteri.jpg","author_info":{"display_name":"red.me","author_link":"https:\/\/www.messinaoggi.it\/website\/author\/red-me\/"},"digistream_id":0,"digistream":false,"_links":{"self":[{"href":"https:\/\/www.messinaoggi.it\/website\/wp-json\/wp\/v2\/posts\/224039"}],"collection":[{"href":"https:\/\/www.messinaoggi.it\/website\/wp-json\/wp\/v2\/posts"}],"about":[{"href":"https:\/\/www.messinaoggi.it\/website\/wp-json\/wp\/v2\/types\/post"}],"author":[{"embeddable":true,"href":"https:\/\/www.messinaoggi.it\/website\/wp-json\/wp\/v2\/users\/15"}],"replies":[{"embeddable":true,"href":"https:\/\/www.messinaoggi.it\/website\/wp-json\/wp\/v2\/comments?post=224039"}],"version-history":[{"count":6,"href":"https:\/\/www.messinaoggi.it\/website\/wp-json\/wp\/v2\/posts\/224039\/revisions"}],"predecessor-version":[{"id":224047,"href":"https:\/\/www.messinaoggi.it\/website\/wp-json\/wp\/v2\/posts\/224039\/revisions\/224047"}],"wp:featuredmedia":[{"embeddable":true,"href":"https:\/\/www.messinaoggi.it\/website\/wp-json\/wp\/v2\/media\/138057"}],"wp:attachment":[{"href":"https:\/\/www.messinaoggi.it\/website\/wp-json\/wp\/v2\/media?parent=224039"}],"wp:term":[{"taxonomy":"category","embeddable":true,"href":"https:\/\/www.messinaoggi.it\/website\/wp-json\/wp\/v2\/categories?post=224039"},{"taxonomy":"post_tag","embeddable":true,"href":"https:\/\/www.messinaoggi.it\/website\/wp-json\/wp\/v2\/tags?post=224039"}],"curies":[{"name":"wp","href":"https:\/\/api.w.org\/{rel}","templated":true}]}}